{"id":29946,"date":"2018-05-02T11:45:10","date_gmt":"2018-05-02T10:45:10","guid":{"rendered":"https:\/\/ub-blog.meduniwien.ac.at\/blog\/?p=29946"},"modified":"2018-08-02T11:45:18","modified_gmt":"2018-08-02T10:45:18","slug":"guido-engelmann-1876-1959-vertrieben-1938-24-2","status":"publish","type":"post","link":"https:\/\/ub.meduniwien.ac.at\/blog\/?p=29946","title":{"rendered":"Guido ENGELMANN (1876-1959): Vertrieben 1938 [24]"},"content":{"rendered":"<p><strong>VERTRIEBEN 1938 [24]<\/strong> UPDATE<\/p>\n<p><strong>Guido ENGELMANN (1876-1959)<\/strong><\/p>\n<ol>\n<li style=\"list-style-type: none;\">\n<ol>* 05.06.1876 Olm\u00fctz, M\u00e4hren<\/ol>\n<ol>+ 1959 Los Angeles, Kalifornien (USA)<\/ol>\n<\/li>\n<\/ol>\n<ol>1938 im Lehrk\u00f6rper der Medizinischen Fakult\u00e4t der Universit\u00e4t Wien, Fach: Chirurgie<\/ol>\n<p><a href=\"https:\/\/repositorium.meduniwien.ac.at\/obvumwhs\/download\/pdf\/2750026?originalFilename=true\">Biographische Informationen zu Guido ENGELMANN (PDF)<\/a> im Repositorium der Ub Med Uni Wien. &#8211; Auszug aus: <em>Judith Bauer-Merinsky: Die Auswirkungen der Annexion \u00d6sterreichs durch das Deutsche Reich auf die medizinische Fakult\u00e4t der Universit\u00e4t Wien im Jahre 1938:Biographien entlassener Professoren und Dozenten. Wien: Diss., 1980, S. 47-48. &#8211; <\/em><br \/>\n<!--more--><br \/>\n<img decoding=\"async\" src=\"https:\/\/ub-blog.meduniwien.ac.at\/blog\/wp-content\/uploads\/2008\/03\/engelmann-1.jpg\" alt=\"Engelmann\"><br \/>\nBildnachweis: Sammlungen der Medizinischen Universit\u00e4t Wien &#8211; Josephinum, Bildersammmlung<\/p>\n<p><img decoding=\"async\" src=\"https:\/\/ub-blog.meduniwien.ac.at\/blog\/wp-content\/uploads\/2008\/02\/muster1_blau.jpg\" alt=\"Provenienz\"><\/p>\n<p><strong>Open Access &#8211; Nachtrag zu Guido ENGELMANN<\/strong>:<\/p>\n<ul>\n<li>Dictionary of Medical Eponyms \u00fcber <a href=\"http:\/\/books.google.com\/books?id=bwbCVCFPNI4C&amp;pg=PA114&amp;lpg=PA114&amp;dq=%22Guido+engelmann%22+1876&amp;source=web&amp;ots=yHyNYmTD2j&amp;sig=FURmnnAlEXNX5SiWJMCAPmC-Giw#PPA114,M1\">Engelmann Disease<\/a><\/li>\n<\/ul>\n<ul>\n<li><a href=\"https:\/\/www.meduniwien.ac.at\/web\/ueber-uns\/geschichte\/mahnmal-nationalsozialismus\/\">MedUniWien: Mahnmal f\u00fcr Opfer des Nationalsozialismus enth\u00fcllt,<\/a> in: <a href=\"http:\/\/www.meduniwien.ac.at\/\">Website der Medizinischen Universit\u00e4t Wien<\/a>, 13. M\u00e4rz 2008<\/li>\n<\/ul>\n<ul>\n<li><a href=\"http:\/\/gedenkbuch.univie.ac.at\/index.php?id=435&amp;person_name=guido+engelmann&amp;person_geburtstag_tag=not_selected&amp;person_geburtstag_monat=not_selected&amp;person_geburtstag_jahr=not_selected&amp;person_fakultaet=not_selected&amp;person_kategorie=2&amp;person_volltextsuche=&amp;search_person.x=0&amp;search_person.y=0\">Guido ENGELMANN<\/a> in <a href=\"http:\/\/gedenkbuch.univie.ac.at\/\">Gedenkbuch f\u00fcr die Opfer des Nationalsozialismus an der Universit\u00e4t Wien 1938<\/a><\/li>\n<\/ul>\n<ul>\n<li>Nachweis von Dokumenten zu Guido ENGELMANN im <a href=\"http:\/\/www.ub.univie.ac.at\/archiv\/\">Universit\u00e4tsarchiv der Universit\u00e4t Wien<\/a>:<br \/>\n<em> Senat S 304 Personalbl\u00e4tter, 19. Jh.-20. Jh. (Serie)<br \/>\n<a href=\"http:\/\/scopeq.cc.univie.ac.at\/query\/detail.aspx?ID=129655\">Senat S 304.223 Engelmann, Guido (05.06.1876-1959; Orthop\u00e4dische Chirurgie), keine Angabe (Dokument)<\/a><br \/>\nDeskriptoren: Eintr\u00e4ge: Engelmann, Guido (05.06.1876-1959; Orthop\u00e4dische Chirurgie) (Person\\E)<\/em><\/li>\n<\/ul>\n<ul>\n<li>Dokumente zu Guido ENGELMANN in der <strong>Handschriftensammlung der Medizinischen Universit\u00e4t Wien<\/strong>:<br \/>\nEngelmann, Guido (1876-1959) \u2013 biogr. Daten<br \/>\n<em>s. Wichtl, Otto &#8211; Manuskript<\/em><\/li>\n<\/ul>\n<ul>\n<li>Dokumente in der <strong>Handschriftensammlung der Medizinischen Universit\u00e4t Wien<\/strong>:<br \/>\nEpstein, Emil (1875-1951) \u2013 Brief<br \/>\n<em>1928 Dezember 19., Wien VI., Dreihufeisengasse 3.<br \/>\nHandgeschriebener und unterzeichneter Brief an Adolf Kronfeld als Begleitschreiben einer Korrektur.<br \/>\n15,9 x 20,9; 1 Bl.<br \/>\nHS 4178<\/em><br \/>\nEpstein, Emil (1875-1951)<br \/>\n<em>s.: R\u00f6ntgeninstitute \u2013 Wien \u2013 Genehmigungen \u2013 Statuten<br \/>\nHS 3771\/21<\/em><\/li>\n<\/ul>\n<ul>\n<li><a href=\"http:\/\/www.oesta.gv.at\/\">\u00d6sterreichisches Staatsarchiv<\/a> (\u00d6stA), Archiv der Republik (AdR), Bundesministerium f\u00fcr Finanzen (BMF), Verm\u00f6gensverkehrsstelle (VVST), Verm\u00f6gensanmeldung (VA): <strong>Zl. 26054 Guido Engelmann<\/strong>:<br \/>\n<em>Verzeichnis \u00fcber das Verm\u00f6gen von Juden nach dem Stand vom 27. April 1938 des Dr. Engelmann Guido, Arzt, in Wien XIX., Dollinergasse 5 [geboren am 5. Juni 1876; verheiratet mit Martha Engelmann, geb. Duschnitz].<br \/>\nWien, 30. Juni 1938, Doz. Dr. Guido Engelmann<\/em><\/li>\n<\/ul>\n<ul>\n<li><a href=\"http:\/\/www.bildarchivaustria.at\/Pages\/ImageDetail.aspx?p_iBildID=10450974\">Foto von Guido Engelmann (03.1927)<\/a>, in: <a href=\"http:\/\/www.bildarchivaustria.at\/\">Bildarchiv Austria. Die Bildplattform der \u00d6sterreichischen Nationalbibliothek<\/a><\/li>\n<\/ul>\n<ul>\n<li><a href=\"http:\/\/d-nb.info\/gnd\/133758567\/about\/html\">http:\/\/d-nb.info\/gnd\/133758567<\/a>: Eintrag zu: <em>Engelmann, Guido<\/em>, in: <a href=\"http:\/\/d-nb.info\/gnd\/133758567\">DNB, Katalog der Deutschen Bibliothek<\/a><\/li>\n<\/ul>\n<ul>\n<li><a href=\"http:\/\/www.europeana.eu\/portal\/record\/9200106\/C396AA406157B1A6A0E8CAC2E19F42E406B441D4.html\">Guido Engelmann:Curriculum Vitae<\/a>: Autobiographical information and CV for the new edition of &#8222;Biographisches Lexikon der hervorragenden \u00c4rzte&#8220;; The Waller Manuscript Collection, Uppsala University Library, in: Europeana<\/li>\n<\/ul>\n<ul>\n<li>Literatur im <a href=\"https:\/\/ubsearch.meduniwien.ac.at\/primo-explore\/search?institution=UMW&amp;vid=UMW&amp;tab=default_tab&amp;search_scope=UMW_all&amp;mode=Basic&amp;displayMode=full&amp;bulkSize=10&amp;highlight=true&amp;dum=true&amp;query=any,contains,Guido%20ENGELMANN&amp;displayField=all&amp;pcAvailabiltyMode=true&amp;submit_button.x=0&amp;submit_button.y=0&amp;sortby=rank&amp;lang=de_DE\">Bibliothekskatalog der Ub Med Uni Wien<\/a><\/li>\n<\/ul>\n<p><strong>Feedback unserer Weblog-User, biographische Nachweise und Erg\u00e4nzungen zu Guido ENGELMANN<\/strong>:<\/p>\n<ol>\n<li style=\"list-style-type: none;\">\n<ol>\n<li>Guido ENGELMANN in Verzeichnis &#8222;Medizinische Fakult\u00e4t&#8220; [Seite 18-36]:<br \/>\nin: Kurt M\u00fchlberger: Dokumentation Vertriebene Intelligenz 1938. Der Verlust geistiger und menschlicher Potenz an der Universit\u00e4t Wien von 1938 bis 1945. 2. verb. u. verm. Auflage. Wien: Archiv der Universit\u00e4t Wien, 1993. [Seite 20]<br \/>\n<em>Guido Engelmann (geb. 1876 Olm\u00fctz &#8211; 1959 Kalifornien)<br \/>\nPd., Orthop\u00e4dische Chirurgie; 1938 Venia legendi widerrufen (rass.), emigriert nach Los Angeles (USA)<\/em><\/li>\n<\/ol>\n<\/li>\n<\/ol>\n<p>***************************************************************<\/p>\n<ol>\n<li style=\"list-style-type: none;\">\n<ol>\n<li>vsb \/ Biographischer Eintrag Guido ENGELMANN:<br \/>\nin: Isidor Fischer(Hg.): Biographisches Lexikon der hervorragenden \u00c4rzte der letzten f\u00fcnfzig Jahre. Erster Band. Berlin \/ Wien: Urban &amp; Schwarzenberg, 1932. [Seite 367]<\/li>\n<\/ol>\n<\/li>\n<\/ol>\n<p>***************************************************<\/p>\n<ol>\n<li style=\"list-style-type: none;\">\n<ol>\n<li>vsb \/ Biographischer Eintrag Guido ENGELMANN:<br \/>\nin: K\u00fcrschners Deutscher Gelehrten-Kalender 1935, hg. von Dr. Gerhard L\u00fcdtke. F\u00fcnfte Ausgabe. Berlin und Leipzig: Walter de Gruyter &amp; Co. [Spalte 384]<\/li>\n<\/ol>\n<\/li>\n<\/ol>\n<p>***************************************************<\/p>\n<ol>\n<li style=\"list-style-type: none;\">\n<ol>\n<li>vsb \/ Biographischer Eintrag Nr. 2168 &#8211; Engelmann, Guido:<br \/>\nin: Handbuch \u00f6sterreichischer Autorinnen und Autoren j\u00fcdischer Herkunft 18. bis 20. Jahrhundert. Hrsg. von der \u00d6sterreichischen Nationalbibliothek. Band 1: A &#8211; I. M\u00fcnchen: K.G.Saur, 2002. [Seite 280]<\/li>\n<\/ol>\n<\/li>\n<\/ol>\n<p>****************************************************<br \/>\n<a href=\"https:\/\/ub-blog.meduniwien.ac.at\/blog\/wp-content\/uploads\/2017\/09\/VanSwietenBlog_MHartl.gif\"><img loading=\"lazy\" decoding=\"async\" class=\"alignnone wp-image-28234\" src=\"https:\/\/ub-blog.meduniwien.ac.at\/blog\/wp-content\/uploads\/2017\/09\/VanSwietenBlog_MHartl.gif\" alt=\"Logo: MMag.Margrit Hartl\" height=\"56\" width=\"158\"><\/a><\/p>\n<p><a href=\"https:\/\/ub-blog.meduniwien.ac.at\/blog\/?p=29203\">Sonderblog-Serie Vertrieben 1938 \u2013 Biografien entlassener Professoren und Dozenten der Medizinischen Fakult\u00e4t der Universit\u00e4t Wien UPDATE<\/a><\/p>\n<p>https:\/\/ub-blog.meduniwien.ac.at\/blog\/?p=772<\/p>\n<p><em>Projekt &#8222;Vertrieben 1938 &#8211; Biographien entlassener Professoren und Dozenten der Medizinischen Fakult\u00e4t der Universit\u00e4t Wien&#8220; im Van Swieten Blog: Informationen der Universit\u00e4tsbibliothek der Medizinischen Universit\u00e4t Wien. &#8211; Projektteam: Mag. Bruno Bauer (Konzept), Harald Albrecht, Judith D\u00f6gl, Rudolf Gerdenits, MMag. Margrit Hartl, Dr. Brigitte Kranz, Mag. Ingeborg Leitner, Dr. Ruth Lotter, Dr. Walter Mentzel, Dr. Reinhard Mundsch\u00fctz, Mag. Michaela Zykan.<\/em><\/p>\n<p>Bitte zitieren als<br \/>\nVAN SWIETEN BLOG: Informationen der Universit\u00e4tsbibliothek der Med Uni Wien, Nr.&nbsp;29946 Letzte Aktualisierung: 2018 02<br \/>\nOnline unter der URL: https:\/\/ub-blog.meduniwien.ac.at\/blog\/?p=29946<\/p>\n","protected":false},"excerpt":{"rendered":"<p>VERTRIEBEN 1938 [24] UPDATE Guido ENGELMANN (1876-1959) * 05.06.1876 Olm\u00fctz, M\u00e4hren + 1959 Los Angeles, Kalifornien (USA) 1938 im Lehrk\u00f6rper der Medizinischen Fakult\u00e4t der Universit\u00e4t Wien, Fach: Chirurgie Biographische Informationen zu Guido ENGELMANN (PDF) im Repositorium der Ub Med Uni Wien. &#8211; Auszug aus: Judith Bauer-Merinsky: Die Auswirkungen der Annexion \u00d6sterreichs durch das Deutsche Reich &hellip; <a href=\"https:\/\/ub.meduniwien.ac.at\/blog\/?p=29946\" class=\"more-link\"><span class=\"screen-reader-text\">Guido ENGELMANN (1876-1959): Vertrieben 1938 [24]<\/span> weiterlesen <span class=\"meta-nav\">&rarr;<\/span><\/a><\/p>\n","protected":false},"author":2,"featured_media":0,"comment_status":"open","ping_status":"open","sticky":false,"template":"","format":"standard","meta":{"ngg_post_thumbnail":0,"footnotes":""},"categories":[5,23,41],"tags":[966,952],"class_list":["post-29946","post","type-post","status-publish","format-standard","hentry","category-medizingeschichte","category-news-8","category-vertrieben-1938","tag-guido-engelmann-1876-1959","tag-sonderblogserie-vertrieben-1938"],"views":75836,"_links":{"self":[{"href":"https:\/\/ub.meduniwien.ac.at\/blog\/index.php?rest_route=\/wp\/v2\/posts\/29946","targetHints":{"allow":["GET"]}}],"collection":[{"href":"https:\/\/ub.meduniwien.ac.at\/blog\/index.php?rest_route=\/wp\/v2\/posts"}],"about":[{"href":"https:\/\/ub.meduniwien.ac.at\/blog\/index.php?rest_route=\/wp\/v2\/types\/post"}],"author":[{"embeddable":true,"href":"https:\/\/ub.meduniwien.ac.at\/blog\/index.php?rest_route=\/wp\/v2\/users\/2"}],"replies":[{"embeddable":true,"href":"https:\/\/ub.meduniwien.ac.at\/blog\/index.php?rest_route=%2Fwp%2Fv2%2Fcomments&post=29946"}],"version-history":[{"count":13,"href":"https:\/\/ub.meduniwien.ac.at\/blog\/index.php?rest_route=\/wp\/v2\/posts\/29946\/revisions"}],"predecessor-version":[{"id":30839,"href":"https:\/\/ub.meduniwien.ac.at\/blog\/index.php?rest_route=\/wp\/v2\/posts\/29946\/revisions\/30839"}],"wp:attachment":[{"href":"https:\/\/ub.meduniwien.ac.at\/blog\/index.php?rest_route=%2Fwp%2Fv2%2Fmedia&parent=29946"}],"wp:term":[{"taxonomy":"category","embeddable":true,"href":"https:\/\/ub.meduniwien.ac.at\/blog\/index.php?rest_route=%2Fwp%2Fv2%2Fcategories&post=29946"},{"taxonomy":"post_tag","embeddable":true,"href":"https:\/\/ub.meduniwien.ac.at\/blog\/index.php?rest_route=%2Fwp%2Fv2%2Ftags&post=29946"}],"curies":[{"name":"wp","href":"https:\/\/api.w.org\/{rel}","templated":true}]}}