{"id":29439,"date":"2018-03-05T01:26:37","date_gmt":"2018-03-05T00:26:37","guid":{"rendered":"https:\/\/ub-blog.meduniwien.ac.at\/blog\/?p=29439"},"modified":"2018-02-26T10:49:47","modified_gmt":"2018-02-26T09:49:47","slug":"1-weltkrieg-medizin-52-das-reservespital-nr-2-in-pardubitz-pardubice-in-boehmen-1914-1918-folge-8-6-aerztinnen-und-aerzte","status":"publish","type":"post","link":"https:\/\/ub.meduniwien.ac.at\/blog\/?p=29439","title":{"rendered":"&#8222;1. Weltkrieg &#038; Medizin&#8220; [52]: Das Reservespital Nr. 2 in PARDUBITZ \/ PARDUBICE  in B\u00f6hmen 1914 \u2013 1918, Folge 8.6 \u2013 \u00c4rztinnen und \u00c4rzte"},"content":{"rendered":"<p><strong>Das Reservespital Nr. 2 in PARDUBITZ \/ PARDUBICE&nbsp; in B\u00f6hmen 1914 \u2013 1918<\/strong><\/p>\n<p><strong>Folge 8.6 \u2013 \u00c4rztinnen und \u00c4rzte <\/strong><\/p>\n<p><strong>Die \u00c4rzte im Kriegsspital\/Reservespital Nr. 2 (1915-1918)<\/strong><\/p>\n<p><strong>L<\/strong><\/p>\n<h2><strong>LAUTERSTEIN, Wolf Wilhelm <\/strong><\/h2>\n<p>Geboren am 29. Oktober 1881 in Lemberg.<\/p>\n<p>Er studierte an der medizinischen Fakult\u00e4t der Universit\u00e4t Lemberg, wo er am 19. Oktober 1908 promovierte; nach der Promotion war er \u201eAspirant\u201c im <strong>Allgemeinen Krankenhaus in Lemberg<\/strong>.<\/p>\n<p>Vom 28. Juli 1914 bis 18. September 1914 war er Bataillonschefarzt des Linieninfanterieregiments (LIR) 19.<\/p>\n<p>Seit 12. August 1916 war er dem Kriegsspital\/Reservespital Nr. 2 in Pardubitz als <strong>Spezialist f\u00fcr Geschlechtskrankheiten<\/strong> zugeteilt; hier arbeitete er als Abteilungschefarzt an der ersten dermatologisch-venerischen Abteilung der 2. Abteilung\/Sektion.<\/p>\n<p>Er richtete sp\u00e4ter auch die <strong>urologische Abteilung<\/strong> ein und \u00fcbernahm deren Leitung und auch die Leitung der Offiziersabteilung.<\/p>\n<p>Im Oktober 1917 bat er zum ersten Mal um <strong>Versetzung nach Lemberg<\/strong>, dann wieder im Fr\u00fchjahr 1918 \u2013 er begr\u00fcndete dies jeweils mit dem schlechten Gesundheitszustand seiner Frau. Im Juli 1918 wurde seinem Ansuchen schlie\u00dflich entsprochen.<\/p>\n<p>Nach dem Krieg praktizierte er in seiner Heimatstadt Lemberg als <strong>Facharzt f\u00fcr Geschlechtskrankheiten<\/strong>.<\/p>\n<h2><strong>LEDERER, Julius <\/strong><\/h2>\n<p>Er durchlief seine Karriere vor dem Weltkrieg in der Armee.<\/p>\n<p>&nbsp;&#8211; 1886 wurde er zum Oberarzt im Aktivstand ernannt (als <strong>\u201emilit\u00e4r\u00e4rztlicher Eleve der Reserve 1. Klasse\u201c<\/strong>), eingeteilt im Garnisonspital Nr. 12 in Josefstadt in B\u00f6hmen.<\/p>\n<p>&#8211; 1888 im September wurde er versetzt vom 54. Infanterieregiment zum Peterwardeiner Infanterieregiment Nr. 70. <a href=\"https:\/\/de.wikipedia.org\/wiki\/Petrovaradin\"><strong><em>https:\/\/de.wikipedia.org\/wiki\/Petrovaradin<\/em><\/strong><\/a><\/p>\n<p>&#8211; 1890 vom Infanterieregiment Nr. 70 zum Infanterieregiment Nr. 28.<\/p>\n<p>&#8211; 1908 zum Oberstabsarzt II. Klasse ernannt.<\/p>\n<p>&#8211; 1913 im November war er Garnisonschefarzt im Range eines Oberstabsarztes I. Klasse in Budweis. <a href=\"https:\/\/de.wikipedia.org\/wiki\/Budweis\"><strong><em>https:\/\/de.wikipedia.org\/wiki\/Budweis<\/em><\/strong><\/a><\/p>\n<p>Nach Kriegsbeginn 1914 wurde er dem im Jahr 1914\/15 errichteten <strong>Kriegsgefangenenlager in Plan\/B\u00f6hmen<\/strong> <a href=\"https:\/\/de.wikipedia.org\/wiki\/Plan%C3%A1_u_Mari%C3%A1nsk%C3%BDch_L%C3%A1zn%C3%AD\"><strong><em>https:\/\/de.wikipedia.org\/wiki\/Plan%C3%A1_u_Mari%C3%A1nsk%C3%BDch_L%C3%A1zn%C3%AD<\/em><\/strong><\/a>&nbsp; bis Mai 1915 als Oberstabsarzt zugeteilt und dann ans Milit\u00e4rkommando nach Prag versetzt, wo er die Leitung des Reservespitals Nr.3 in Prag \u00fcbernahm.<\/p>\n<p>Im J\u00e4nner 1916 befand er sich <strong>\u201ebeim kommandierenden General in Bosnien-Herzegowina\u201c<\/strong> (als Sanit\u00e4tschef der Quartiermeisterabteilung Nr. 8), von wo er dann schlie\u00dflich im M\u00e4rz 1918 ins Kriegsspital\/Reservespital Nr. 2 nach Pardubitz vesetzt wurde.&nbsp;<\/p>\n<ol start=\"25\">\n<li>Mai 1915 <strong>Vom [Kriegs]Gefangenenlager in Plan<\/strong><\/li>\n<\/ol>\n<p><a href=\"http:\/\/anno.onb.ac.at\/cgi-content\/anno?aid=pit&amp;datum=19150525&amp;query=%22julius+lederer%22&amp;ref=anno-search&amp;seite=6\"><strong><em>http:\/\/anno.onb.ac.at\/cgi-content\/anno?aid=pit&amp;datum=19150525&amp;query=%22julius+lederer%22&amp;ref=anno-search&amp;seite=6<\/em><\/strong><\/a><\/p>\n<h2><strong>LEDERER, Max<\/strong><\/h2>\n<p>Er wurde am 3. J\u00e4nner 1867 in Triesch <a href=\"https:\/\/de.wikipedia.org\/wiki\/T%C5%99e%C5%A1%C5%A5\"><strong><em>https:\/\/de.wikipedia.org\/wiki\/T%C5%99e%C5%A1%C5%A5<\/em><\/strong><\/a> geboren.<\/p>\n<p>Nach seinem sp\u00e4ten Medizinstudium an der deutschen Universit\u00e4t in Prag, das er mit der Promotion am 6. Juli 1911 abschloss, fand er eine Besch\u00e4ftigung im <strong>Sanatorium in Veleslavin<\/strong>&nbsp;&nbsp; <a href=\"https:\/\/de.wikipedia.org\/wiki\/Veleslav%C3%ADn\"><strong><em>https:\/\/de.wikipedia.org\/wiki\/Veleslav%C3%ADn<\/em><\/strong><\/a><strong><em><u>.<\/u><\/em><\/strong><\/p>\n<p>Nach Ausbruch des Weltkriegs war er seit 9. September 1915 im Kriegsspital\/Reservespital Nr.2 zumindest bis zur \u00dcbernahme in die Heeresverwaltung t\u00e4tig.<\/p>\n<p>Er starb am 19. August 1942 im <strong>Konzentrationslager Theresienstadt<\/strong>.<\/p>\n<p>1913 <strong>II. Versammlung deutscher Augen\u00e4rzte B\u00f6hmens und M\u00e4hrens<\/strong><\/p>\n<p><a href=\"http:\/\/anno.onb.ac.at\/cgi-content\/anno-plus?aid=wmw&amp;datum=19130003&amp;query=((text:%22dr+max+lederer%22))&amp;ref=anno-search&amp;seite=168\"><strong><em>http:\/\/anno.onb.ac.at\/cgi-content\/anno-plus?aid=wmw&amp;datum=19130003&amp;query=((text:%22dr+max+lederer%22))&amp;ref=anno-search&amp;seite=168<\/em><\/strong><\/a><\/p>\n<h2><strong>LEVIT, Jan\/Johann <\/strong><\/h2>\n<p>Er wurde in Horschitz\/Ho\u0159ice &nbsp;<a href=\"https:\/\/de.wikipedia.org\/wiki\/Ho%C5%99ice_v_Podkrkono%C5%A1%C3%AD\"><strong><em>https:\/\/de.wikipedia.org\/wiki\/Ho%C5%99ice_v_Podkrkono%C5%A1%C3%AD<\/em><\/strong><\/a> am 14. Juni 1884 geboren und wuchs in einer <strong>Arztfamilie<\/strong> auf. Bereits sein Vater und Gro\u00dfvater waren hier \u00c4rzte gewesen.<\/p>\n<p>Nach seiner <strong>Promotion 1908<\/strong> an der deutschen Universit\u00e4t in Prag arbeitete er an der Chirurgischen Klinik von <strong>Prof. Otakar Kukula<\/strong>&nbsp; <a href=\"http:\/\/www.biographien.ac.at\/oebl\/oebl_K\/Kukula_Otakar_1867_1925.xml\"><strong><em>http:\/\/www.biographien.ac.at\/oebl\/oebl_K\/Kukula_Otakar_1867_1925.xml<\/em><\/strong><\/a> in Prag.<\/p>\n<p>1912\/1913 nahm er als <strong>Freiwilliger<\/strong>&nbsp; als Kriegschirurg in einem Feldspital in Belgrad bzw. in Ni\u0161 an den beiden <strong>Balkankriegen<\/strong>&nbsp; <a href=\"https:\/\/de.wikipedia.org\/wiki\/Balkankriege\"><strong><em>https:\/\/de.wikipedia.org\/wiki\/Balkankriege<\/em><\/strong><\/a>&nbsp; auf der Seite <strong>Serbiens<\/strong> teil, wof\u00fcr ihm der serbische Staat den <strong>Sava Orden<\/strong> IV., III. und II. Klasse &nbsp;&nbsp;<a href=\"https:\/\/de.wikipedia.org\/wiki\/St.-Sava-Orden\"><strong><em>https:\/\/de.wikipedia.org\/wiki\/St.-Sava-Orden<\/em><\/strong><\/a> verlieh.&nbsp;<\/p>\n<p>Nach Kriegsbeginn 1914 wurde er im Range eines Landsturmarztes zur k. u. k. Armee einberufen und &nbsp;<\/p>\n<p>als Chirurg in mehreren Spit\u00e4lern des Hinterlandes eingesetzt, und zwar in:<\/p>\n<p>&#8211; 1915\/16: in der k. u. k. <strong>Beobachtungstation Kolin<\/strong><\/p>\n<p><a href=\"http:\/\/anno.onb.ac.at\/cgi-content\/anno?aid=ptb&amp;datum=19150718&amp;query=%22dr+johann+lewit%22&amp;ref=anno-search&amp;seite=9\"><strong><em>http:\/\/anno.onb.ac.at\/cgi-content\/anno?aid=ptb&amp;datum=19150718&amp;query=%22dr+johann+lewit%22&amp;ref=anno-search&amp;seite=9<\/em><\/strong><\/a><\/p>\n<p>&#8211; 1916-1918:&nbsp; im k. u. k. <strong>Garnisonspital Nr. 13 in Theresienstadt<\/strong><\/p>\n<p>Hier behandelte er unter anderem den bosnisch-serbischen Attent\u00e4ter <strong>Gavrilo Princip<\/strong> <a href=\"https:\/\/de.wikipedia.org\/wiki\/Gavrilo_Princip\"><strong><em>https:\/\/de.wikipedia.org\/wiki\/Gavrilo_Princip<\/em><\/strong><\/a>, der am 28. Juni 1914 dem Mordanschlag auf den \u00f6sterreichischen Thronfolger Franz Ferdinand und dessen Frau in Sarajevo ver\u00fcbte.&nbsp;<\/p>\n<p>&#8211; Herbst 1918: schlie\u00dflich versetzt in das <strong>Kriegsspital\/Reservespital Nr. 2 nach Pardubitz<\/strong><\/p>\n<p>Nach dem Ersten Weltkrieg nach Prag zur\u00fcckgekehrt arbeitete er als Chirurg in mehreren Krankenh\u00e4usern der Stadt.<\/p>\n<p>1924 erhielt er eine <strong>Dozentur f\u00fcr Chirugie<\/strong> an der Karls-Universit\u00e4t in Prag, 1928 wurde er zum <strong>au\u00dferordentlichen Professor f\u00fcr Chirurgie<\/strong> ernannt.<\/p>\n<p>1931 erhielt er die Stelle als Primarius der chirurgischen Abteilung des <strong>St\u00e4dtischen Krankenhauses der Stadt Prag<\/strong> (Na Bulovce).<\/p>\n<p>Bald nach dem Einmarsch der Deutschen in Prag im M\u00e4rz 1939 verlor er seine Arbeit aufgrund seiner <strong>j\u00fcdischen Herkunft<\/strong> und wurde am 20. Juni 1942 in das <strong>Konzentrationslager nach Theresienstadt<\/strong> gebracht. Er starb in Auschwitz, wohin er noch am <strong>12. Oktober 1944<\/strong> deportiert worden war.<\/p>\n<p>Levit verfasste <strong>zahlreiche Artikel<\/strong>, auch im Fach <strong>\u201eKriegschirurgie\u201c<\/strong>.<\/p>\n<p>Eine <strong>Auswahl<\/strong>:<\/p>\n<p>&#8211; <strong>Eine neue Methode der Deckung der Luftr\u00f6hrendefekten<\/strong><\/p>\n<p>(Archiv f\u00fcr klinische Chirurgie, Berlin 1911)<\/p>\n<p>&#8211; <strong>Die bei der Behandlung der Karbunkel mittels Exzision erzielten Erfolge<\/strong><\/p>\n<p>(Wiener klinische Rundschau 1912)<\/p>\n<ol>\n<li>Teil<\/li>\n<\/ol>\n<p><a href=\"http:\/\/anno.onb.ac.at\/cgi-content\/anno-plus?aid=klr&amp;datum=1912&amp;page=645&amp;size=45&amp;qid=QVBAA2FJXB7WIQ47DXY4WGLYZF4NPL\"><strong><em>http:\/\/anno.onb.ac.at\/cgi-content\/anno-plus?aid=klr&amp;datum=1912&amp;page=645&amp;size=45&amp;qid=QVBAA2FJXB7WIQ47DXY4WGLYZF4NPL<\/em><\/strong><\/a><\/p>\n<ol start=\"2\">\n<li>Teil<\/li>\n<\/ol>\n<p><a href=\"http:\/\/anno.onb.ac.at\/cgi-content\/anno-plus?aid=klr&amp;datum=1912&amp;page=661&amp;size=45&amp;qid=QVBAA2FJXB7WIQ47DXY4WGLYZF4NPL\"><strong><em>http:\/\/anno.onb.ac.at\/cgi-content\/anno-plus?aid=klr&amp;datum=1912&amp;page=661&amp;size=45&amp;qid=QVBAA2FJXB7WIQ47DXY4WGLYZF4NPL<\/em><\/strong><\/a><\/p>\n<p>&#8211; <strong>Die Resultate der Exzisionstherapie des Karbunkels<\/strong><\/p>\n<p><a href=\"http:\/\/anno.onb.ac.at\/cgi-content\/anno-plus?aid=wmw&amp;datum=19130003&amp;query=((text:%22dr+j+levit%22))&amp;ref=anno-search&amp;seite=726\"><strong><em>http:\/\/anno.onb.ac.at\/cgi-content\/anno-plus?aid=wmw&amp;datum=19130003&amp;query=((text:%22dr+j+levit%22))&amp;ref=anno-search&amp;seite=726<\/em><\/strong><\/a><\/p>\n<p>&#8211; <strong>Seltene Br\u00fcche<\/strong><\/p>\n<p>(\u010casopis l\u00e9ka\u0159\u016f \u010desk\u00fdch 1912\/1913)<\/p>\n<p>&#8211; <strong>Radialoperation der Leistenbr\u00fcche<\/strong><\/p>\n<p>(Deutsche Gesellschaft der Chirurgie, Berlin 1913)<\/p>\n<p>&#8211; <strong>Ein seltener Fall eines aus den Musculi arrectores pili hervorgegangenen solit\u00e4ren Leiomyoms (Internationale klinische Rundschau 1914)<\/strong><\/p>\n<p><a href=\"http:\/\/anno.onb.ac.at\/cgi-content\/anno-plus?aid=klr&amp;datum=1914&amp;page=33&amp;size=45&amp;qid=IRVN8Q0C4UJNU40UL9SULTNL0UTLEE\"><strong><em>http:\/\/anno.onb.ac.at\/cgi-content\/anno-plus?aid=klr&amp;datum=1914&amp;page=33&amp;size=45&amp;qid=IRVN8Q0C4UJNU40UL9SULTNL0UTLEE<\/em><\/strong><\/a><\/p>\n<p>&#8211; <strong>Neue Methode der Bildung der Harnr\u00f6hre<\/strong> (\u010casopis l\u00e9ka\u0159\u016f \u010desk\u00fdch 1921)<\/p>\n<p>&#8211; <strong>Neue Methode der Entfernung von Projektilen aus den Knochen<\/strong><\/p>\n<p>(\u010casopis l\u00e9ka\u0159\u016f \u010desk\u00fdch 1922)<\/p>\n<p>&#8211; <strong>Freie Omentum-Operationen<\/strong><\/p>\n<p>(\u010casopis l\u00e9ka\u0159\u016f \u010desk\u00fdch 1922\/23)<\/p>\n<p>&#8211; <strong>Schussverletzungen der oberen Gliedmassen<\/strong> (franz., Belgien 1924)<\/p>\n<p>&#8211; <strong>Schussverletzungen der der Gef\u00e4\u00dfe<\/strong> (engl., 1923)<\/p>\n<p>&#8211; <strong>Sehnenoperationen bei L\u00e4hmungen des Nervus radialis<\/strong><\/p>\n<p>(Rozhledy v chirurgii 1929)<\/p>\n<p>&#8211; <strong>Schussverletzungen der Gelenke<\/strong><\/p>\n<p>(Rozhledy v chirurgii 1930)<\/p>\n<p>&#8211; <strong>Entfernung der Kniescheibe mit vollst\u00e4ndiger Beweglichkeit des Kniegelenkes<\/strong><\/p>\n<p>(Festschrift f\u00fcr Geheimrat Payr, Archiv f\u00fcr klinische Chirurgie, 1931)<\/p>\n<p>&#8211; <strong>Tumoren des D\u00fcnndarmes<\/strong><\/p>\n<p>(\u010casopis l\u00e9ka\u0159\u016f \u010desk\u00fdch 1936)<\/p>\n<p>&#8211; <strong>Krampfadernbehandlung<\/strong><\/p>\n<p>(\u010casopis l\u00e9ka\u0159\u016f \u010desk\u00fdch 1937)<\/p>\n<p>&#8211; <strong>Chirurgie der Gallenblase<\/strong><\/p>\n<p>(\u010casopis l\u00e9ka\u0159\u016f \u010desk\u00fdch 1938)<\/p>\n<p>&#8211; <strong>Herzschussverletzungen<\/strong><\/p>\n<p>(\u010casopis l\u00e9ka\u0159\u016f \u010desk\u00fdch 1940)<\/p>\n<p>&nbsp;&nbsp;Am <strong>7. 4. 1929<\/strong> erschien in der <strong>Prager Presse<\/strong> sein (ausf\u00fchrlicher, 32 Seiten umfassender) Artikel \u00fcber <strong>Theodor Billroth<\/strong><\/p>\n<p>(<strong>\u201eZur Billroth-Hunderjahrfeier\u201c<\/strong>)&nbsp;<\/p>\n<p>Foto von Jan\/Johann Levit:<\/p>\n<p><a href=\"http:\/\/www.ghetto-theresienstadt.info\/images\/prominente\/Bild68.gif\"><strong><em>http:\/\/www.ghetto-theresienstadt.info\/images\/prominente\/Bild68.gif<\/em><\/strong><\/a><\/p>\n<p>Weitere <strong>ausgew\u00e4hlte Artikel<\/strong> in der Tagespresse, in denen er erw\u00e4hnt wird:<\/p>\n<ol start=\"28\">\n<li>Dezember 1912 <strong><em><u>serbischer Orden<\/u><\/em><\/strong><\/li>\n<\/ol>\n<p><a href=\"http:\/\/anno.onb.ac.at\/cgi-content\/anno?aid=rpt&amp;datum=19121228&amp;query=%22dr+lewit%22&amp;ref=anno-search&amp;seite=3\">http:\/\/anno.onb.ac.at\/cgi-content\/anno?aid=rpt&amp;datum=19121228&amp;query=%22dr+lewit%22&amp;ref=anno-search&amp;seite=3<\/a><\/p>\n<p>Ein 1915 erschienener Artikel in der Wiener medizinischen Wochenschrift von <strong>Wilhelm Klein zu Schussverletzungen, in dem er erw\u00e4hnt wird<\/strong>.<\/p>\n<p><a href=\"http:\/\/anno.onb.ac.at\/cgi-content\/anno-plus?aid=wmw&amp;datum=1915&amp;page=877&amp;size=45&amp;qid=1VWCUNTC3VY7LJ3CTS1YM7PJ7WEH7X\"><strong><em>http:\/\/anno.onb.ac.at\/cgi-content\/anno-plus?aid=wmw&amp;datum=1915&amp;page=877&amp;size=45&amp;qid=1VWCUNTC3VY7LJ3CTS1YM7PJ7WEH7X<\/em><\/strong><\/a><\/p>\n<ol start=\"6\">\n<li>August 1926 <strong><em><u>Bolschewistische Mordpl\u00e4ne gegen tschechische Politiker?<\/u><\/em><\/strong><\/li>\n<\/ol>\n<p><a href=\"http:\/\/anno.onb.ac.at\/cgi-content\/anno?aid=rpt&amp;datum=19260806&amp;seite=2&amp;zoom=33&amp;query=%22dr%2Blewit%22&amp;provider=P03&amp;ref=anno-search\"><strong><em>http:\/\/anno.onb.ac.at\/cgi-content\/anno?aid=rpt&amp;datum=19260806&amp;seite=2&amp;zoom=33&amp;query=%22dr%2Blewit%22&amp;provider=P03&amp;ref=anno-search<\/em><\/strong><\/a><\/p>\n<ol start=\"17\">\n<li>Mai 1930 <strong>Sittenbild des tschechischen Staates<\/strong><\/li>\n<\/ol>\n<p><a href=\"http:\/\/anno.onb.ac.at\/cgi-content\/anno?aid=dfr&amp;datum=19300517&amp;query=%22jan+lewit%22&amp;ref=anno-search&amp;seite=2\"><strong><em>http:\/\/anno.onb.ac.at\/cgi-content\/anno?aid=dfr&amp;datum=19300517&amp;query=%22jan+lewit%22&amp;ref=anno-search&amp;seite=2<\/em><\/strong><\/a><\/p>\n<ol start=\"8\">\n<li>J\u00e4nner 1931 <strong>Ministerunfall<\/strong><\/li>\n<\/ol>\n<p><a href=\"http:\/\/anno.onb.ac.at\/cgi-content\/anno?aid=ptb&amp;datum=19310108&amp;query=%22dr+lewit%22&amp;ref=anno-search&amp;seite=4\"><strong><em>http:\/\/anno.onb.ac.at\/cgi-content\/anno?aid=ptb&amp;datum=19310108&amp;query=%22dr+lewit%22&amp;ref=anno-search&amp;seite=4<\/em><\/strong><\/a><\/p>\n<p><strong><em><u>Ordinationsanzeige vom 3. M\u00e4rz 1931<\/u><\/em><\/strong><\/p>\n<p><a href=\"http:\/\/anno.onb.ac.at\/cgi-content\/anno?aid=ptb&amp;datum=19310303&amp;seite=5&amp;zoom=33&amp;query=%22jan%2Blevit%22&amp;provider=P03&amp;ref=anno-search\"><strong><em>http:\/\/anno.onb.ac.at\/cgi-content\/anno?aid=ptb&amp;datum=19310303&amp;seite=5&amp;zoom=33&amp;query=%22jan%2Blevit%22&amp;provider=P03&amp;ref=anno-search<\/em><\/strong><\/a><\/p>\n<p>Text: Reinhard Mundsch\u00fctz<\/p>\n<p><a href=\"https:\/\/ub-blog.meduniwien.ac.at\/blog\/?cat=1153\">Alle Beitr\u00e4ge\u2013&gt; 1.Weltkrieg &amp;Medizin<\/a><\/p>\n","protected":false},"excerpt":{"rendered":"<p>Das Reservespital Nr. 2 in PARDUBITZ \/ PARDUBICE&nbsp; in B\u00f6hmen 1914 \u2013 1918 Folge 8.6 \u2013 \u00c4rztinnen und \u00c4rzte Die \u00c4rzte im Kriegsspital\/Reservespital Nr. 2 (1915-1918) L LAUTERSTEIN, Wolf Wilhelm Geboren am 29. Oktober 1881 in Lemberg. Er studierte an der medizinischen Fakult\u00e4t der Universit\u00e4t Lemberg, wo er am 19. Oktober 1908 promovierte; nach der &hellip; <a href=\"https:\/\/ub.meduniwien.ac.at\/blog\/?p=29439\" class=\"more-link\"><span class=\"screen-reader-text\">&#8222;1. Weltkrieg &#038; Medizin&#8220; [52]: Das Reservespital Nr. 2 in PARDUBITZ \/ PARDUBICE  in B\u00f6hmen 1914 \u2013 1918, Folge 8.6 \u2013 \u00c4rztinnen und \u00c4rzte<\/span> weiterlesen <span class=\"meta-nav\">&rarr;<\/span><\/a><\/p>\n","protected":false},"author":2,"featured_media":0,"comment_status":"open","ping_status":"open","sticky":false,"template":"","format":"standard","meta":{"ngg_post_thumbnail":0,"footnotes":""},"categories":[1153,1,24,11,5,2,17],"tags":[1272,202,1169,1157,1960,1273,1281,1270,1956,1959,1957,1816,1958,62,1278,1279,1269,1268,1817,1274,1271,1280,1164,1276,1275],"class_list":["post-29439","post","type-post","status-publish","format-standard","hentry","category-1-weltkrieg-medizin","category-allgemeines","category-books-journals","category-literaturhinweis","category-medizingeschichte","category-news","category-news2","tag-1914-1918","tag-arzt","tag-erster-weltkrieg","tag-first-world-war","tag-julius","tag-k-u-k-armee-reservespital-nr-2-boehmen","tag-karantena","tag-kriegsspital","tag-lauterstein-wolf-wilhelm","tag-lederer","tag-lederer-max","tag-lekar","tag-levit-janjohann","tag-medizin","tag-military-healthcare","tag-military-hospital","tag-pardubice","tag-pardubitz","tag-physician","tag-prvni-svetova-valka","tag-quarantaene","tag-quarantine","tag-sanitatswesen","tag-valecna-nemocnice","tag-vojenske-zdravotnictvi"],"views":4186,"_links":{"self":[{"href":"https:\/\/ub.meduniwien.ac.at\/blog\/index.php?rest_route=\/wp\/v2\/posts\/29439","targetHints":{"allow":["GET"]}}],"collection":[{"href":"https:\/\/ub.meduniwien.ac.at\/blog\/index.php?rest_route=\/wp\/v2\/posts"}],"about":[{"href":"https:\/\/ub.meduniwien.ac.at\/blog\/index.php?rest_route=\/wp\/v2\/types\/post"}],"author":[{"embeddable":true,"href":"https:\/\/ub.meduniwien.ac.at\/blog\/index.php?rest_route=\/wp\/v2\/users\/2"}],"replies":[{"embeddable":true,"href":"https:\/\/ub.meduniwien.ac.at\/blog\/index.php?rest_route=%2Fwp%2Fv2%2Fcomments&post=29439"}],"version-history":[{"count":6,"href":"https:\/\/ub.meduniwien.ac.at\/blog\/index.php?rest_route=\/wp\/v2\/posts\/29439\/revisions"}],"predecessor-version":[{"id":29442,"href":"https:\/\/ub.meduniwien.ac.at\/blog\/index.php?rest_route=\/wp\/v2\/posts\/29439\/revisions\/29442"}],"wp:attachment":[{"href":"https:\/\/ub.meduniwien.ac.at\/blog\/index.php?rest_route=%2Fwp%2Fv2%2Fmedia&parent=29439"}],"wp:term":[{"taxonomy":"category","embeddable":true,"href":"https:\/\/ub.meduniwien.ac.at\/blog\/index.php?rest_route=%2Fwp%2Fv2%2Fcategories&post=29439"},{"taxonomy":"post_tag","embeddable":true,"href":"https:\/\/ub.meduniwien.ac.at\/blog\/index.php?rest_route=%2Fwp%2Fv2%2Ftags&post=29439"}],"curies":[{"name":"wp","href":"https:\/\/api.w.org\/{rel}","templated":true}]}}