{"id":29179,"date":"2018-02-01T07:13:37","date_gmt":"2018-02-01T06:13:37","guid":{"rendered":"https:\/\/ub-blog.meduniwien.ac.at\/blog\/?p=29179"},"modified":"2018-02-01T10:33:14","modified_gmt":"2018-02-01T09:33:14","slug":"gastautor-prof-dr-peter-heilig-buecher","status":"publish","type":"post","link":"https:\/\/ub.meduniwien.ac.at\/blog\/?p=29179","title":{"rendered":"Gastautor Prof. Dr. Peter Heilig: B\u00fccher"},"content":{"rendered":"<p><strong>B\u00fccher<\/strong><\/p>\n<p>\u201e<em>An nescis, mi fili, quantilla prudentia mundus regatur?\u201c <\/em>\u201e<em>Wei\u00dft du denn nicht, mein Sohn, mit wie wenig Verstand die Welt regiert <\/em><em>wird?\u201c<br \/>\n<\/em><strong>Greve (Graf) Axel Gustafsson Oxenstierna af S\u00f6derm\u00f6re<\/strong><\/p>\n<p><a href=\"https:\/\/ub-blog.meduniwien.ac.at\/blog\/wp-content\/uploads\/2018\/01\/Bworm5.jpg\"><img loading=\"lazy\" decoding=\"async\" class=\"alignnone size-full wp-image-29184\" src=\"https:\/\/ub-blog.meduniwien.ac.at\/blog\/wp-content\/uploads\/2018\/01\/Bworm5.jpg\" alt=\"\" height=\"276\" width=\"400\" srcset=\"https:\/\/ub.meduniwien.ac.at\/blog\/wp-content\/uploads\/2018\/01\/Bworm5.jpg 400w, https:\/\/ub.meduniwien.ac.at\/blog\/wp-content\/uploads\/2018\/01\/Bworm5-300x207.jpg 300w\" sizes=\"auto, (max-width: 400px) 100vw, 400px\" \/><\/a><\/p>\n<p>Versehentlich (?) sei die bedeutendste Bibliothek der Antike, gegr\u00fcndet von Alexander dem Gro\u00dfen, zerst\u00f6rt worden. Historiker schieben Caesar die Schuld in die Schuhe (Sandalen..). Kleopatra, gerade erst ihrer sagenhaften Teppichrolle (in Wahrheit einem Sack..) entstiegen, h\u00e4tte gemeint &#8211; er, der Imperator Rex Totius Mundi et Gentium m\u00f6ge freundlicherweise die Bibliothek verschonen.<br \/>\n(Luciano Canfora, ital. Historiker)<\/p>\n<p><a href=\"https:\/\/ub-blog.meduniwien.ac.at\/blog\/wp-content\/uploads\/2018\/01\/Bworm1a.jpg\"><img loading=\"lazy\" decoding=\"async\" class=\"alignnone size-full wp-image-29189\" src=\"https:\/\/ub-blog.meduniwien.ac.at\/blog\/wp-content\/uploads\/2018\/01\/Bworm1a.jpg\" alt=\"\" height=\"268\" width=\"400\" srcset=\"https:\/\/ub.meduniwien.ac.at\/blog\/wp-content\/uploads\/2018\/01\/Bworm1a.jpg 400w, https:\/\/ub.meduniwien.ac.at\/blog\/wp-content\/uploads\/2018\/01\/Bworm1a-300x201.jpg 300w\" sizes=\"auto, (max-width: 400px) 100vw, 400px\" \/><\/a><\/p>\n<p>Andereseits wird Amr ibn al &#8218;Aas unter Anderem als einer von vielen m\u00f6glichen Schuldigen genannt &#8211; als kadavergehorsamer Befehlempf\u00e4nger des Kalifen Omar: &#8222;Vernichte sie alle!&#8220; &#8211;<\/p>\n<p>die B\u00fccher<\/p>\n<p>Autodaf\u00e9s (Akte des Glaubens) sind Geschichte. Kadavergehorsam (aus der jesuitischen Nomenklatur) kam aus der Mode. B\u00fccher verbrennen bewirkt gar nichts \u2013 au\u00dfer hei\u00dfe Luft mit Rauchentwicklung &#8211; gelegentlich begleitet von unfreiwilliger Komik: Pinocchio z.B. wurde ein Opfer der Flammen. Die &#8218;Pentacostal Church&#8216; (USA, Rural Western) fand das Holzp\u00fcppchen mit der L\u00fcgendetektornase \u201cungodly\u201d. http:\/\/articles.latimes.com\/2001\/mar\/28\/news\/mn-43678<\/p>\n<p><a href=\"https:\/\/ub-blog.meduniwien.ac.at\/blog\/wp-content\/uploads\/2018\/01\/Bworm3.jpg\"><img loading=\"lazy\" decoding=\"async\" class=\"alignnone size-full wp-image-29186\" src=\"https:\/\/ub-blog.meduniwien.ac.at\/blog\/wp-content\/uploads\/2018\/01\/Bworm3.jpg\" alt=\"\" height=\"307\" width=\"400\" srcset=\"https:\/\/ub.meduniwien.ac.at\/blog\/wp-content\/uploads\/2018\/01\/Bworm3.jpg 400w, https:\/\/ub.meduniwien.ac.at\/blog\/wp-content\/uploads\/2018\/01\/Bworm3-300x230.jpg 300w\" sizes=\"auto, (max-width: 400px) 100vw, 400px\" \/><\/a><\/p>\n<p>&#8218;Digitale B\u00fccherverbrennungen&#8216; (https:\/\/www.reuters.com\/article\/us-usa-trumpepa-climatechange\/trump-administration-tells-epa-to-cut-climate-page-fromwebsite-sources-idUSKBN15906G) &#8211; nicht einmal Klima-aktiv, bewirken weder&#8217;Schwaerzung&#8216; noch Datenverlust (https:\/\/www.reuters.com\/article\/us-usa- trumpepa-climatechange\/trump-administration-tells-epa-to-cut-climate-page-fromwebsite-sources-idUSKBN15906G).<\/p>\n<p><a href=\"https:\/\/ub-blog.meduniwien.ac.at\/blog\/wp-content\/uploads\/2018\/01\/Bworm4.jpg\"><img loading=\"lazy\" decoding=\"async\" class=\"alignnone size-full wp-image-29185\" src=\"https:\/\/ub-blog.meduniwien.ac.at\/blog\/wp-content\/uploads\/2018\/01\/Bworm4.jpg\" alt=\"\" height=\"266\" width=\"400\" srcset=\"https:\/\/ub.meduniwien.ac.at\/blog\/wp-content\/uploads\/2018\/01\/Bworm4.jpg 400w, https:\/\/ub.meduniwien.ac.at\/blog\/wp-content\/uploads\/2018\/01\/Bworm4-300x200.jpg 300w\" sizes=\"auto, (max-width: 400px) 100vw, 400px\" \/><\/a><\/p>\n<p>Kulturbanausen haben es heute schwer; allerdings frisst sich ein untersch\u00e4tzter Verb\u00fcndeter, Anobium punctatum (&#8218;gemeiner&#8216; B\u00fccherwurm) durch Kulturgut aller Art \u2013 als dekadente Metamorphose \u2013 als \u201evermis ignorantiae\u201c.*<\/p>\n<p><em>\u201eHeu! inquit, quae <\/em><strong><em>ignorantiae <\/em><\/strong><em>caecitas, quae alienatio mentis, quae debilitas <\/em><em>sensuum, quae &#8230; Haec est <\/em><strong><em>vermis<\/em><\/strong><em>, cujus morsu morbi data mentis sanitas <\/em><em>contabescit &#8230;\u201c <\/em>(http:\/\/www.thelatinlibrary.com\/alanus\/alanus1.html)<\/p>\n<p><a href=\"https:\/\/ub-blog.meduniwien.ac.at\/blog\/wp-content\/uploads\/2018\/01\/Bworm1.jpg\"><img loading=\"lazy\" decoding=\"async\" class=\"alignnone size-full wp-image-29188\" src=\"https:\/\/ub-blog.meduniwien.ac.at\/blog\/wp-content\/uploads\/2018\/01\/Bworm1.jpg\" alt=\"\" height=\"290\" width=\"400\" srcset=\"https:\/\/ub.meduniwien.ac.at\/blog\/wp-content\/uploads\/2018\/01\/Bworm1.jpg 400w, https:\/\/ub.meduniwien.ac.at\/blog\/wp-content\/uploads\/2018\/01\/Bworm1-300x218.jpg 300w\" sizes=\"auto, (max-width: 400px) 100vw, 400px\" \/><\/a><\/p>\n<p>\u00dcbersetzung eines online W\u00f6rterbuches: <em>\u201eOh! sagt, dass Ignoranz, Blindheit, <\/em><em>geistige Entfremdung, die den Sinn l\u00e4hmen, die &#8230; Dies ist ein Wurm, Tod den <\/em><em>Gesundheitsdaten Fu\u00dfball Verzweiflung geistige &#8230;\u201c &#8211; <\/em>dem ist NICHTS hinzuzuf\u00fcgen. Diese literarische ElektronengehirnSpitzenleistung lie\u00dfe sich als Tweet &#8218;absetzen&#8216;, ein Beispiel meisterhafter moderner &#8218;artificial intelligent&#8216; Pr\u00e4zisierung &#8211; wie gewohnt..<\/p>\n<p><a href=\"https:\/\/ub-blog.meduniwien.ac.at\/blog\/wp-content\/uploads\/2018\/01\/Bworm2.jpg\"><img loading=\"lazy\" decoding=\"async\" class=\"alignnone size-full wp-image-29187\" src=\"https:\/\/ub-blog.meduniwien.ac.at\/blog\/wp-content\/uploads\/2018\/01\/Bworm2.jpg\" alt=\"\" height=\"172\" width=\"400\" srcset=\"https:\/\/ub.meduniwien.ac.at\/blog\/wp-content\/uploads\/2018\/01\/Bworm2.jpg 400w, https:\/\/ub.meduniwien.ac.at\/blog\/wp-content\/uploads\/2018\/01\/Bworm2-300x129.jpg 300w\" sizes=\"auto, (max-width: 400px) 100vw, 400px\" \/><\/a><\/p>\n<p>\u201e<em>Principiis obsta. Sero medicina parata, cum mala per longas convaluere<\/em><em>moras.\u201c <\/em>\u201e<em>Wehre den Anf\u00e4ngen! Zu sp\u00e4t wird die Medizin bereitet, wenn die \u00dcbel <\/em><em>durch langes Z\u00f6gern erstarkt sind.\u201c<br \/>\nOvid. Remedia amoris.<\/em><\/p>\n<p><a href=\"https:\/\/ub-blog.meduniwien.ac.at\/blog\/wp-content\/uploads\/2018\/02\/Bwormr.jpg\"><img loading=\"lazy\" decoding=\"async\" class=\"alignnone size-full wp-image-29192\" src=\"https:\/\/ub-blog.meduniwien.ac.at\/blog\/wp-content\/uploads\/2018\/02\/Bwormr.jpg\" alt=\"\" height=\"242\" width=\"400\" srcset=\"https:\/\/ub.meduniwien.ac.at\/blog\/wp-content\/uploads\/2018\/02\/Bwormr.jpg 400w, https:\/\/ub.meduniwien.ac.at\/blog\/wp-content\/uploads\/2018\/02\/Bwormr-300x182.jpg 300w\" sizes=\"auto, (max-width: 400px) 100vw, 400px\" \/><\/a><\/p>\n<p>*nicht &#8218;googeln&#8216;. Kunstwort.<\/p>\n<p>Interest: no<\/p>\n<p>Gender: beyond<\/p>\n<p>Weitere Beitr\u00e4ge: <a href=\"https:\/\/ub-blog.meduniwien.ac.at\/blog\/?s=heilig\">https:\/\/ub-blog.meduniwien.ac.at\/blog\/?s=heilig<\/a><\/p>\n<p>******************************************************************<\/p>\n<h4><strong>\u201ePhantasie\u201c<\/strong><\/h4>\n<p><strong>Erfahrenes und Erlesenes<\/strong><\/p>\n<p>vorgetragen und interpretiert von Katharina und Peter Heilig.<\/p>\n<p>Phantasie ist nicht den Tr\u00e4umern und Phantasten reserviert.<br \/>\nSie ist unverzichtbar &nbsp;f\u00fcr das Gedanken-zu-Ende denken&nbsp; und f\u00fcr umsichtig-n\u00fcchternes Erw\u00e4gen aller, auch ausgefallener M\u00f6glichkeiten.&nbsp;Ein musikalisch begleiteter Abend, der durch Phantasien und Tr\u00e4ume f\u00fchrt.<\/p>\n<p>Am Donnerstag, 01. 03. 2018 um 19 Uhr<\/p>\n<p>Im Otto Mauer Zentrum (Eintritt frei)<\/p>\n<p>1090 Wien, W\u00e4hringerstra\u00dfe 2-4, Halbstock (Mezzanin) links<\/p>\n","protected":false},"excerpt":{"rendered":"<p>B\u00fccher \u201eAn nescis, mi fili, quantilla prudentia mundus regatur?\u201c \u201eWei\u00dft du denn nicht, mein Sohn, mit wie wenig Verstand die Welt regiert wird?\u201c Greve (Graf) Axel Gustafsson Oxenstierna af S\u00f6derm\u00f6re Versehentlich (?) sei die bedeutendste Bibliothek der Antike, gegr\u00fcndet von Alexander dem Gro\u00dfen, zerst\u00f6rt worden. Historiker schieben Caesar die Schuld in die Schuhe (Sandalen..). Kleopatra, &hellip; <a href=\"https:\/\/ub.meduniwien.ac.at\/blog\/?p=29179\" class=\"more-link\"><span class=\"screen-reader-text\">Gastautor Prof. Dr. Peter Heilig: B\u00fccher<\/span> weiterlesen <span class=\"meta-nav\">&rarr;<\/span><\/a><\/p>\n","protected":false},"author":2,"featured_media":0,"comment_status":"open","ping_status":"open","sticky":false,"template":"","format":"standard","meta":{"ngg_post_thumbnail":0,"footnotes":""},"categories":[1,33,2,16],"tags":[],"class_list":["post-29179","post","type-post","status-publish","format-standard","hentry","category-allgemeines","category-gastbeitrage","category-news","category-news1"],"views":7734,"_links":{"self":[{"href":"https:\/\/ub.meduniwien.ac.at\/blog\/index.php?rest_route=\/wp\/v2\/posts\/29179","targetHints":{"allow":["GET"]}}],"collection":[{"href":"https:\/\/ub.meduniwien.ac.at\/blog\/index.php?rest_route=\/wp\/v2\/posts"}],"about":[{"href":"https:\/\/ub.meduniwien.ac.at\/blog\/index.php?rest_route=\/wp\/v2\/types\/post"}],"author":[{"embeddable":true,"href":"https:\/\/ub.meduniwien.ac.at\/blog\/index.php?rest_route=\/wp\/v2\/users\/2"}],"replies":[{"embeddable":true,"href":"https:\/\/ub.meduniwien.ac.at\/blog\/index.php?rest_route=%2Fwp%2Fv2%2Fcomments&post=29179"}],"version-history":[{"count":7,"href":"https:\/\/ub.meduniwien.ac.at\/blog\/index.php?rest_route=\/wp\/v2\/posts\/29179\/revisions"}],"predecessor-version":[{"id":29193,"href":"https:\/\/ub.meduniwien.ac.at\/blog\/index.php?rest_route=\/wp\/v2\/posts\/29179\/revisions\/29193"}],"wp:attachment":[{"href":"https:\/\/ub.meduniwien.ac.at\/blog\/index.php?rest_route=%2Fwp%2Fv2%2Fmedia&parent=29179"}],"wp:term":[{"taxonomy":"category","embeddable":true,"href":"https:\/\/ub.meduniwien.ac.at\/blog\/index.php?rest_route=%2Fwp%2Fv2%2Fcategories&post=29179"},{"taxonomy":"post_tag","embeddable":true,"href":"https:\/\/ub.meduniwien.ac.at\/blog\/index.php?rest_route=%2Fwp%2Fv2%2Ftags&post=29179"}],"curies":[{"name":"wp","href":"https:\/\/api.w.org\/{rel}","templated":true}]}}