{"id":28356,"date":"2017-10-16T07:17:54","date_gmt":"2017-10-16T06:17:54","guid":{"rendered":"https:\/\/ub-blog.meduniwien.ac.at\/blog\/?p=28356"},"modified":"2017-10-10T10:19:45","modified_gmt":"2017-10-10T09:19:45","slug":"oesterreich-liest-treffpunkt-bibliothek-ausstellung-zur-van-swieten-blogserie-aus-den-medizinhistorischen-bestaenden-der-ub-meduni-wien","status":"publish","type":"post","link":"https:\/\/ub.meduniwien.ac.at\/blog\/?p=28356","title":{"rendered":"&#8222;\u00d6sterreich liest. Treffpunkt Bibliothek&#8220; &#8211; Ausstellung zur Van Swieten Blogserie: Aus den medizinhistorischen Best\u00e4nden der Ub MedUni Wien"},"content":{"rendered":"<p><a href=\"http:\/\/ub.meduniwien.ac.at\/ueber-uns\/medizinhistorische-bibliotheken-der-ub-meduni\/standorte-medizinhistorischer-literatur\/historische-dissertations-bibliothek\/\"><img loading=\"lazy\" decoding=\"async\" class=\"alignnone size-full wp-image-28219\" src=\"https:\/\/ub-blog.meduniwien.ac.at\/blog\/wp-content\/uploads\/2017\/09\/logo-1275995483.png\" alt=\"\" width=\"1005\" height=\"268\" srcset=\"https:\/\/ub.meduniwien.ac.at\/blog\/wp-content\/uploads\/2017\/09\/logo-1275995483.png 1005w, https:\/\/ub.meduniwien.ac.at\/blog\/wp-content\/uploads\/2017\/09\/logo-1275995483-300x80.png 300w, https:\/\/ub.meduniwien.ac.at\/blog\/wp-content\/uploads\/2017\/09\/logo-1275995483-768x205.png 768w, https:\/\/ub.meduniwien.ac.at\/blog\/wp-content\/uploads\/2017\/09\/logo-1275995483-800x213.png 800w\" sizes=\"auto, (max-width: 1005px) 100vw, 1005px\" \/><\/a>Die Universit\u00e4tsbibliothek beteiligt sich auch heuer wieder an<\/p>\n<blockquote><p><strong><strong>\u201e\u00d6sterreich liest. Treffpunkt Bibliothek\u201c<\/strong><\/strong>,<\/p>\n<p>dem gr\u00f6\u00dften Literaturfestival des Landes.<\/p>\n<p>Im <a href=\"http:\/\/ub.meduniwien.ac.at\/ueber-uns\/standorte\/lageplan-hauptbibliothek\/\"><u><span style=\"color: #0066cc;\">Lesesaal der Universit\u00e4tsbibliothek <\/span><\/u><\/a>k\u00f6nnen Sie<\/p>\n<p>Plakate zu den medizinhistorischen Best\u00e4nden der Ub MedUni Wien besichtigen.<\/p>\n<p>Dauer der Ausstellung: 19.10.2017 bis 18.02.2018<\/p>\n<p><a href=\"http:\/\/ub.meduniwien.ac.at\/ueber-uns\/oeffnungszeiten\/\"><u><span style=\"color: #0066cc;\">zu den \u00d6ffnungszeiten der Universit\u00e4tsbibliothek<\/span><\/u><\/a><\/p><\/blockquote>\n<p>Die Zweigbibliothek f\u00fcr Geschichte der Medizin der Medizinischen Universit\u00e4t Wien ist mit \u00fcber einer halben Million B\u00e4nde die gr\u00f6\u00dfte medizinhistorische Bibliothek \u00d6sterreichs.<br \/>\nNeben rezenter Literatur zur Geschichte der Medizin befinden sich neun historisch abgeschlossene Bibliotheken mit Best\u00e4nden aus 6 Jahrhunderten (15.\u201320. Jhdt.) am Standort dieser Bibliothek im Josephinum. Die Van Swieten Blogserie &#8222;Aus den medizinhistorischen Best\u00e4nden der Ub MedUni Wien&#8220; stellt Highlights dieser neun Bibliotheken vor. Im <a href=\"http:\/\/ub.meduniwien.ac.at\/ueber-uns\/standorte\/lageplan-hauptbibliothek\/\"><u>Lesesaal der Universit\u00e4tsbibliothek <\/u><\/a>k\u00f6nnen Sie eine Plakatserie zum Thema&nbsp; besichtigen.<\/p>\n<p><a href=\"https:\/\/ub-blog.meduniwien.ac.at\/blog\/?s=%22Aus+den+medizinhistorischen+Best%C3%A4nden+der+Ub+MedUni+Wien%22\">Alle Beitr\u00e4ge der VanSwieten-Blog-Serie: Aus den medizinhistorischen Best\u00e4nden der Ub MedUni Wien\u2013&gt;<\/a><\/p>\n","protected":false},"excerpt":{"rendered":"<p>Die Universit\u00e4tsbibliothek beteiligt sich auch heuer wieder an \u201e\u00d6sterreich liest. Treffpunkt Bibliothek\u201c, dem gr\u00f6\u00dften Literaturfestival des Landes. Im Lesesaal der Universit\u00e4tsbibliothek k\u00f6nnen Sie Plakate zu den medizinhistorischen Best\u00e4nden der Ub MedUni Wien besichtigen. Dauer der Ausstellung: 19.10.2017 bis 18.02.2018 zu den \u00d6ffnungszeiten der Universit\u00e4tsbibliothek Die Zweigbibliothek f\u00fcr Geschichte der Medizin der Medizinischen Universit\u00e4t Wien ist &hellip; <a href=\"https:\/\/ub.meduniwien.ac.at\/blog\/?p=28356\" class=\"more-link\"><span class=\"screen-reader-text\">&#8222;\u00d6sterreich liest. Treffpunkt Bibliothek&#8220; &#8211; Ausstellung zur Van Swieten Blogserie: Aus den medizinhistorischen Best\u00e4nden der Ub MedUni Wien<\/span> weiterlesen <span class=\"meta-nav\">&rarr;<\/span><\/a><\/p>\n","protected":false},"author":2,"featured_media":0,"comment_status":"open","ping_status":"open","sticky":false,"template":"","format":"standard","meta":{"ngg_post_thumbnail":0,"footnotes":""},"categories":[1153,2,17,13],"tags":[1213,1218],"class_list":["post-28356","post","type-post","status-publish","format-standard","hentry","category-1-weltkrieg-medizin","category-news","category-news2","category-veranstaltungen","tag-ersten-weltkrieg","tag-physikalische-medizin"],"views":31405,"_links":{"self":[{"href":"https:\/\/ub.meduniwien.ac.at\/blog\/index.php?rest_route=\/wp\/v2\/posts\/28356","targetHints":{"allow":["GET"]}}],"collection":[{"href":"https:\/\/ub.meduniwien.ac.at\/blog\/index.php?rest_route=\/wp\/v2\/posts"}],"about":[{"href":"https:\/\/ub.meduniwien.ac.at\/blog\/index.php?rest_route=\/wp\/v2\/types\/post"}],"author":[{"embeddable":true,"href":"https:\/\/ub.meduniwien.ac.at\/blog\/index.php?rest_route=\/wp\/v2\/users\/2"}],"replies":[{"embeddable":true,"href":"https:\/\/ub.meduniwien.ac.at\/blog\/index.php?rest_route=%2Fwp%2Fv2%2Fcomments&post=28356"}],"version-history":[{"count":6,"href":"https:\/\/ub.meduniwien.ac.at\/blog\/index.php?rest_route=\/wp\/v2\/posts\/28356\/revisions"}],"predecessor-version":[{"id":28361,"href":"https:\/\/ub.meduniwien.ac.at\/blog\/index.php?rest_route=\/wp\/v2\/posts\/28356\/revisions\/28361"}],"wp:attachment":[{"href":"https:\/\/ub.meduniwien.ac.at\/blog\/index.php?rest_route=%2Fwp%2Fv2%2Fmedia&parent=28356"}],"wp:term":[{"taxonomy":"category","embeddable":true,"href":"https:\/\/ub.meduniwien.ac.at\/blog\/index.php?rest_route=%2Fwp%2Fv2%2Fcategories&post=28356"},{"taxonomy":"post_tag","embeddable":true,"href":"https:\/\/ub.meduniwien.ac.at\/blog\/index.php?rest_route=%2Fwp%2Fv2%2Ftags&post=28356"}],"curies":[{"name":"wp","href":"https:\/\/api.w.org\/{rel}","templated":true}]}}