{"id":28169,"date":"2017-09-28T06:36:27","date_gmt":"2017-09-28T05:36:27","guid":{"rendered":"https:\/\/ub-blog.meduniwien.ac.at\/blog\/?p=28169"},"modified":"2017-09-25T09:56:03","modified_gmt":"2017-09-25T08:56:03","slug":"aus-den-medizinhistorischen-bestaenden-der-ub-meduni-wien-40-zwei-aufsaetze-von-walter-mentzel-und-harald-albrecht","status":"publish","type":"post","link":"https:\/\/ub.meduniwien.ac.at\/blog\/?p=28169","title":{"rendered":"Aus den medizinhistorischen Best\u00e4nden der Ub MedUni Wien [40]: Zwei Aufs\u00e4tze von Walter Mentzel und Harald Albrecht:"},"content":{"rendered":"<p><strong>Walter Mentzel, Harald Albrecht: Zwei Aufs\u00e4tze zur Blogserie Aus den medizinhistorischen Best\u00e4nden der UB-MedUni Wien<\/strong><\/p>\n<p>Die beiden Autoren und Mitarbeiter der Universit\u00e4tsbibliothek an der Medizinischen Universit\u00e4t Wien, Dr. Walter Mentzel und Harald Albrecht BA, die seit Oktober 2016 im Van Swieten-Blog unter der Rubrik \u201eAus den medizinhistorischen Best\u00e4nden der UB-MedUni Wien\u201c medizinhistorische B\u00fccher und Sammlungen der Zweigbibliothek f\u00fcr Geschichte der Medizin vorstellen, ver\u00f6ffentlichten im September 2017 in der Zeitschrift <em>GMS Medizin \u2014 Bibliothek \u2014 Information<\/em> der \u201eArbeitsgemeinschaft f\u00fcr medizinisches Bibliothekswesen\u201c zwei Aufs\u00e4tze, die die Ziele der Blogserie aus bibliothekarischer sowie medizin- und wissenschaftshistorischer Sicht thematisieren.<\/p>\n<p><a href=\"https:\/\/ub-blog.meduniwien.ac.at\/blog\/wp-content\/uploads\/2017\/09\/Buechermagazin.gif\"><img loading=\"lazy\" decoding=\"async\" class=\"alignnone size-medium wp-image-28173\" src=\"https:\/\/ub-blog.meduniwien.ac.at\/blog\/wp-content\/uploads\/2017\/09\/Buechermagazin-300x220.gif\" alt=\"\" height=\"220\" width=\"300\"><\/a><\/p>\n<p>Abb. 1&nbsp;&nbsp;&nbsp; B\u00fcchermagazin am Standort der Zweigbibliothek f\u00fcr Geschichte der Medizin.<\/p>\n<p>Davon ausgehend, dass die Universit\u00e4tsbibliothek am Standort im Josephinum die gr\u00f6\u00dfte medizinhistorische Bibliothek \u00d6sterreichs darstellt, beschreibt Walter Mentzel anhand von f\u00fcnf Fallbeispielen die aufwendige Spurensuche und Rekonstruktionsarbeit in den Bibliotheksbest\u00e4nden, die sich zum Ziel setzt, jene \u00fcber 200-Jahre hindurch \u00fcbernommenen Sammlungen nach ihrer Provenienz, den fr\u00fcheren Eigent\u00fcmern, ihrer urspr\u00fcnglichen Standorte, Herkunfts- und Entstehungsgeschichte zu identifizieren. Die Ergebnisse der Rekonstruktionsarbeit \u2013 dieser durch fr\u00fchere Inventarisierungsma\u00dfnahmen heute zerstreuten Sammlungen \u2013 werden k\u00fcnftig als \u201evirtuelle Bibliothek\u201c erfasst und digital \u00fcber den Bibliothekskatalog zusammenzuf\u00fchrt.<\/p>\n<p>Die durch Nachl\u00e4sse, Schenkungen und aus der \u00dcbernahme von Instituten und Kliniken der Medizinischen Universit\u00e4t Wien \u00fcbernommenen Buchbest\u00e4nde sowie deren wissenschafts- sozial- und kulturhistorische Diversit\u00e4t thematisiert Harald Albrecht an Hand von Fallbeispielen aus den einzelnen Teilbibliotheken der Zweigbibliothek. Albrecht unterstreicht damit am Beispiel wertvoller medizinhistorischer B\u00fccher aus dem 16. bis 20. Jahrhundert den Stellenwert jenes aus den Teilbibliotheken sich zusammensetzenden Gesamtbestands der Zweigbibliothek und bekr\u00e4ftigt damit auch die Bedeutsamkeit des Standortes der Zweigbibliothek als Zentrum des \u201ekulturellen Erbes\u201c der \u201eWiener Medizinischen Schulen\u201c.<\/p>\n<p>Beide Aufs\u00e4tze sind abrufbar unter:<\/p>\n<p>Walter Mentzel, Medizinhistorische Best\u00e4nde der Universit\u00e4tsbibliothek der Medizinischen Universit\u00e4t Wien. Virtuelle Bibliotheken an der Zweigbibliothek f\u00fcr Geschichte der Medizin: Eine Spurensuche, in: GMS Medizin \u2014 Bibliothek \u2014 Information. Arbeitsgemeinschaft f\u00fcr Medizinisches Bibliothekswesen, 2017;17 (1-2): Doc08.<\/p>\n<p><a href=\"http:\/\/www.egms.de\/static\/de\/journals\/mbi\/2017-17\/mbi000387.shtml\">http:\/\/www.egms.de\/static\/de\/journals\/mbi\/2017-17\/mbi000387.shtml<\/a><\/p>\n<p>und als PDF unter:<\/p>\n<p><a href=\"http:\/\/www.egms.de\/static\/pdf\/journals\/mbi\/2017-17\/mbi000387.pdf\">http:\/\/www.egms.de\/static\/pdf\/journals\/mbi\/2017-17\/mbi000387.pdf<\/a><\/p>\n<p>Harald Albrecht, Medizinhistorische Best\u00e4nde der Universit\u00e4tsbibliothek der Medizinischen Universit\u00e4t Wien: Die neun historischen Bibliotheken an der Zweigbibliothek f\u00fcr Geschichte der Medizin mit Beispielen aus den Best\u00e4nden in: GMS Medizin \u2014 Bibliothek \u2014 Information. Arbeitsgemeinschaft f\u00fcr Medizinisches Bibliothekswesen, 2017;17 (1-2): Doc07.<\/p>\n<p>Unter: <a href=\"http:\/\/www.egms.de\/static\/de\/journals\/mbi\/2017-17\/mbi000386.shtml\">http:\/\/www.egms.de\/static\/de\/journals\/mbi\/2017-17\/mbi000386.shtml<\/a><\/p>\n<p>und als PDF unter:<\/p>\n<p><a href=\"http:\/\/www.egms.de\/static\/pdf\/journals\/mbi\/2017-17\/mbi000386.pdf\">http:\/\/www.egms.de\/static\/pdf\/journals\/mbi\/2017-17\/mbi000386.pdf<\/a><\/p>\n<p>Text: Walter Mentzel, Harald Albrecht<\/p>\n<p><a href=\"https:\/\/ub-blog.meduniwien.ac.at\/blog\/?s=%22Aus+den+medizinhistorischen+Best%C3%A4nden+der+Ub+MedUni+Wien%22\">Alle Beitr\u00e4ge der VS-Blog-Serie: Aus den medizinhistorischen Best\u00e4nden der Ub MedUni Wien\u2013&gt;<\/a><\/p>\n","protected":false},"excerpt":{"rendered":"<p>Walter Mentzel, Harald Albrecht: Zwei Aufs\u00e4tze zur Blogserie Aus den medizinhistorischen Best\u00e4nden der UB-MedUni Wien Die beiden Autoren und Mitarbeiter der Universit\u00e4tsbibliothek an der Medizinischen Universit\u00e4t Wien, Dr. Walter Mentzel und Harald Albrecht BA, die seit Oktober 2016 im Van Swieten-Blog unter der Rubrik \u201eAus den medizinhistorischen Best\u00e4nden der UB-MedUni Wien\u201c medizinhistorische B\u00fccher und Sammlungen &hellip; <a href=\"https:\/\/ub.meduniwien.ac.at\/blog\/?p=28169\" class=\"more-link\"><span class=\"screen-reader-text\">Aus den medizinhistorischen Best\u00e4nden der Ub MedUni Wien [40]: Zwei Aufs\u00e4tze von Walter Mentzel und Harald Albrecht:<\/span> weiterlesen <span class=\"meta-nav\">&rarr;<\/span><\/a><\/p>\n","protected":false},"author":2,"featured_media":0,"comment_status":"open","ping_status":"open","sticky":false,"template":"","format":"standard","meta":{"ngg_post_thumbnail":0,"footnotes":""},"categories":[24,11,5,1347,1389,2,16,18,40],"tags":[1709,1708,1710,1360,1711,1712,49,44,1357,1713,1414,1714,1715,1716,1717,1718,1361,1719,1720,1721,1722],"class_list":["post-28169","post","type-post","status-publish","format-standard","hentry","category-books-journals","category-literaturhinweis","category-medizingeschichte","category-medizinhistorische-bestaende-der-ub-meduni-wien","category-neuburger-bibliothek","category-news","category-news1","category-news3","category-sammlungen","tag-arbeitsgemeinschaft-fuer-medizinisches-bibliothekswesen","tag-aerztliches-lesezimmer-im-allgemeinen-krankenhaus-in-wien","tag-bibliothek-des-doctoren-collegiums","tag-gesellschaft-der-aerzte-bibliothek","tag-gms-medizin-bibliothek-information","tag-historische-dissertations-bibliothek","tag-josephinische-bibliothek","tag-josephinum","tag-neuburger-lesky-bibliothek","tag-neun-abgeschlossene-historische-bibliotheken","tag-obersteiner-bibliothek","tag-privatbibliothek-von-thomas-und-camill-lederer","tag-privatbibliothek-von-wilhelm-stekel","tag-rara-bibliothek","tag-reuter-bibliothek","tag-sammlung-von-fritz-lejeune","tag-separata-bibliothek","tag-universitaetsbibliothek-der-medizinischen-universitaet-wien","tag-virtuelle-bibliotheken","tag-wiener-medizinische-schulen","tag-zweigbibliothek-fuer-geschichte-der-medizin"],"views":4329,"_links":{"self":[{"href":"https:\/\/ub.meduniwien.ac.at\/blog\/index.php?rest_route=\/wp\/v2\/posts\/28169","targetHints":{"allow":["GET"]}}],"collection":[{"href":"https:\/\/ub.meduniwien.ac.at\/blog\/index.php?rest_route=\/wp\/v2\/posts"}],"about":[{"href":"https:\/\/ub.meduniwien.ac.at\/blog\/index.php?rest_route=\/wp\/v2\/types\/post"}],"author":[{"embeddable":true,"href":"https:\/\/ub.meduniwien.ac.at\/blog\/index.php?rest_route=\/wp\/v2\/users\/2"}],"replies":[{"embeddable":true,"href":"https:\/\/ub.meduniwien.ac.at\/blog\/index.php?rest_route=%2Fwp%2Fv2%2Fcomments&post=28169"}],"version-history":[{"count":5,"href":"https:\/\/ub.meduniwien.ac.at\/blog\/index.php?rest_route=\/wp\/v2\/posts\/28169\/revisions"}],"predecessor-version":[{"id":28206,"href":"https:\/\/ub.meduniwien.ac.at\/blog\/index.php?rest_route=\/wp\/v2\/posts\/28169\/revisions\/28206"}],"wp:attachment":[{"href":"https:\/\/ub.meduniwien.ac.at\/blog\/index.php?rest_route=%2Fwp%2Fv2%2Fmedia&parent=28169"}],"wp:term":[{"taxonomy":"category","embeddable":true,"href":"https:\/\/ub.meduniwien.ac.at\/blog\/index.php?rest_route=%2Fwp%2Fv2%2Fcategories&post=28169"},{"taxonomy":"post_tag","embeddable":true,"href":"https:\/\/ub.meduniwien.ac.at\/blog\/index.php?rest_route=%2Fwp%2Fv2%2Ftags&post=28169"}],"curies":[{"name":"wp","href":"https:\/\/api.w.org\/{rel}","templated":true}]}}