{"id":2557,"date":"2009-10-05T09:00:33","date_gmt":"2009-10-05T08:00:33","guid":{"rendered":"https:\/\/ub-blog.meduniwien.ac.at\/blog\/?p=2557"},"modified":"2010-04-01T13:09:29","modified_gmt":"2010-04-01T12:09:29","slug":"fort-und-weiterbildung-der-ub-med-uni-wien-iii2009-juli-september-2009","status":"publish","type":"post","link":"https:\/\/ub.meduniwien.ac.at\/blog\/?p=2557","title":{"rendered":"Fort- und Weiterbildung der Ub Med Uni Wien III\/2009 (Juli &#8211; September 2009)"},"content":{"rendered":"<p><strong>Aktivit\u00e4ten der Fort- und Weiterbildung sowie nationaler und internationaler Kooperation in den Monaten Juli bis September 2009:<\/strong><\/p>\n<p><strong>JULI 2009<\/strong><\/p>\n<ol>2.-3. Juli 2009<br \/>\nTeilnahme am Seminar &#8222;Konfliktmanagement&#8220;, veranstaltet vom <a href=\"http:\/\/www.meduniwien.ac.at\/bemaw\/bemaw\/index.php\">BEMAW<\/a> &#8211; Besondere Einrichtung f\u00fcr Medizinische Aus- und Weiterbildung an der Med Uni Wien [2]<\/ol>\n<p><strong>SEPTEMBER 2009<\/strong><\/p>\n<ol>6.-9. September 2009<br \/>\nTeilnahme an der <a href=\"http:\/\/www.agmb.de\/papoopro\/index.php?menuid=54&#038;reporeid=40\">Jahrestagung<\/a> der <a href=\"http:\/\/www.agmb.de\/\">Arbeitsgemeinschaft f\u00fcr Medizinisches Bibliothekswesen<\/a> (AGMB) 2009 in Hamburg: &#8222;Medizinbibliotheken: Leuchtt\u00fcrme im Meer elektronischer Informationen &#8222;<\/ol>\n<ol>6.-10. September 2009<br \/>\nTeilnahme an der <a href=\"http:\/\/igelu2009.org\/\">IGeLU 2009<\/a>, der Konferenz de <a href=\"http:\/\/igelu.org\/\">IGeLU: The International Group of Ex Libris Users<\/a> in Helsiniki [2]<\/ol>\n<ol>10. September 2009<br \/>\nTeilnahme an einer Sitzung der AG Kostenschl\u00fcssel der <a href=\"http:\/\/www.konsortien.at\/\">Kooperation e-Medien \u00d6sterreich<\/a> an der OBVSG<\/ol>\n<ol>14. September 2009<br \/>\nTeilnahme an der 5. Mitgliederversammlung der <a href=\"http:\/\/www.konsortien.at\/\">Kooperation e-Medien \u00d6sterreich<\/a> an der UB der Medizinischen Universit\u00e4t Graz [2]<\/ol>\n<p><!--more--><\/p>\n<ol>15. September 2009<br \/>\nSitzung der <a href=\"http:\/\/www.uibk.ac.at\/voeb\/arge-dir\/\">Arbeitsgemeinschaft der Bibliotheksdirektorinnen und Bibliotheksdirektoren \u00d6sterreichs<\/a> an der Universit\u00e4tsbibliothek Graz<\/ol>\n<ol>15.-18. September 2009<br \/>\nTeilnahme am <a href=\"http:\/\/www.bibliothekartag.at\/aktuell\/willkommen.htm\">30. \u00d6sterreichischen Bibliothekartag<\/a> in Graz [7]<\/ol>\n<ol>27. September 2009<br \/>\nPr\u00e4sentation der Projekte der Teilnehmerinnen und Teilnehmer des Universit\u00e4tslehrgangs &#8211; Grundlehrgang <a href=\"http:\/\/www.onb.ac.at\/ausbildung\/universitaetslehrgang.htm\">Library and  Information Studies<\/a> an der \u00d6sterreichischen Nationalbibliothek<\/ol>\n<p>******************************************************************<\/p>\n<p>Am 29. September 2009 hat Herr Mag. Marian Miehl am <a href=\"http:\/\/www.onb.ac.at\/ausbildung\/universitaetslehrgang.htm\">Universit\u00e4tslehrgang Library and Information Sciences<\/a> \/ Grundlehrgang an der \u00d6sterreichischen Nationalbibliothek mit sehr gutem Erfolg abgeschlossen.<\/p>\n<p>******************************************************************<\/p>\n<p><em>Fort- und Weiterbildung der Mitarbeiterinnen und Mitarbeiter sowie die aktive Beteiligung in nationalen und internationalen Fachgremien sind wesentliche Kritierien f\u00fcr die positive Weiterentwicklung von Bibliotheken. Um transparent zu machen, wie die Universit\u00e4tsbibliothek der Med Uni Wien diesem Anspruch gerecht zu werden versucht, werden die entsprechenden Ma\u00dfnahmen quartalsweise im Weblog ver\u00f6ffentlicht.<\/p>\n<ol><a href=\"https:\/\/ub-blog.meduniwien.ac.at\/blog\/?p=159\">Fort- und Weiterbildung von MitarbeiterInnen der Ub Med Uni Wien 2007<\/a> (8. Mai 2007)<\/ol>\n<ol><a href=\"https:\/\/ub-blog.meduniwien.ac.at\/blog\/?p=214\">Fort- und Weiterbildung von MitarbeiterInnen der Ub Med Uni Wien II\/2007<\/a> (5. Juli 2007)<\/ol>\n<ol><a href=\"https:\/\/ub-blog.meduniwien.ac.at\/blog\/?p=358\">Fort- und Weiterbildung von MitarbeiterInnen der Ub Med Uni Wien III\/2007<\/a> (1. Oktober 2007)<\/ol>\n<ol><a href=\"https:\/\/ub-blog.meduniwien.ac.at\/blog\/?p=516\">Fort- und Weiterbildung von MitarbeiterInnen der Ub Med Uni Wien IV\/2007<\/a> (2. Januar 2008)<\/ol>\n<ol><a href=\"https:\/\/ub-blog.meduniwien.ac.at\/blog\/?p=871\">Fort- und Weiterbildung von MitarbeiterInnen der Ub Med Uni Wien I\/2008(<\/a> (1. April 2008)<\/ol>\n<ol><a href=\"https:\/\/ub-blog.meduniwien.ac.at\/blog\/?p=1013\">Fort- und Weiterbildung von MitarbeiterInnen der Ub Med Uni Wien II\/2008(<\/a> (4. Juli 2008)<\/ol>\n<ol><a href=\"https:\/\/ub-blog.meduniwien.ac.at\/blog\/?p=1168\">Fort- und Weiterbildung von MitarbeiterInnen der Ub Med Uni Wien III\/2008(<\/a> (1. Oktober 2008)<\/ol>\n<ol><a href=\"https:\/\/ub-blog.meduniwien.ac.at\/blog\/?p=1364\">Fort- und Weiterbildung von MitarbeiterInnen der Ub Med Uni Wien IV\/2008(<\/a> (4. Januar 2009)<\/ol>\n<ol><a href=\"https:\/\/ub-blog.meduniwien.ac.at\/blog\/?p=1489\">Fort- und Weiterbildung von MitarbeiterInnen der Ub Med Uni Wien I\/2009(<\/a> (7. April 2009)<\/ol>\n<ol><a href=\"https:\/\/ub-blog.meduniwien.ac.at\/blog\/?p=1760\">Fort- und Weiterbildung von MitarbeiterInnen der Ub Med Uni Wien II\/2009(<\/a> (1. Juli 2009)<\/ol>\n<p><\/em><\/p>\n<p><img src='https:\/\/ub-blog.meduniwien.ac.at\/blog\/wp-content\/uploads\/2007\/09\/swieten1d.jpg' alt='swieten1d.jpg' \/><br \/>\nBitte zitieren als<br \/>\nVAN SWIETEN BLOG: Informationen der Universit\u00e4tsbibliothek der Med Uni Wien,<br \/>\nNr. 2557 [6. Oktober 2009].<br \/>\nOnline unter der URL: https:\/\/ub-blog.meduniwien.ac.at\/blog\/?p=2557<\/p>\n","protected":false},"excerpt":{"rendered":"<p>Aktivit\u00e4ten der Fort- und Weiterbildung sowie nationaler und internationaler Kooperation in den Monaten Juli bis September 2009: JULI 2009 2.-3. Juli 2009 Teilnahme am Seminar &#8222;Konfliktmanagement&#8220;, veranstaltet vom BEMAW &#8211; Besondere Einrichtung f\u00fcr Medizinische Aus- und Weiterbildung an der Med Uni Wien [2] SEPTEMBER 2009 6.-9. September 2009 Teilnahme an der Jahrestagung der Arbeitsgemeinschaft f\u00fcr &hellip; <a href=\"https:\/\/ub.meduniwien.ac.at\/blog\/?p=2557\" class=\"more-link\"><span class=\"screen-reader-text\">Fort- und Weiterbildung der Ub Med Uni Wien III\/2009 (Juli &#8211; September 2009)<\/span> weiterlesen <span class=\"meta-nav\">&rarr;<\/span><\/a><\/p>\n","protected":false},"author":2,"featured_media":0,"comment_status":"open","ping_status":"open","sticky":false,"template":"","format":"standard","meta":{"ngg_post_thumbnail":0,"footnotes":""},"categories":[2,16,42],"tags":[161,162],"class_list":["post-2557","post","type-post","status-publish","format-standard","hentry","category-news","category-news1","category-ub-med-uni-wien-intern","tag-fortbildung","tag-weiterbildung"],"views":48584,"_links":{"self":[{"href":"https:\/\/ub.meduniwien.ac.at\/blog\/index.php?rest_route=\/wp\/v2\/posts\/2557","targetHints":{"allow":["GET"]}}],"collection":[{"href":"https:\/\/ub.meduniwien.ac.at\/blog\/index.php?rest_route=\/wp\/v2\/posts"}],"about":[{"href":"https:\/\/ub.meduniwien.ac.at\/blog\/index.php?rest_route=\/wp\/v2\/types\/post"}],"author":[{"embeddable":true,"href":"https:\/\/ub.meduniwien.ac.at\/blog\/index.php?rest_route=\/wp\/v2\/users\/2"}],"replies":[{"embeddable":true,"href":"https:\/\/ub.meduniwien.ac.at\/blog\/index.php?rest_route=%2Fwp%2Fv2%2Fcomments&post=2557"}],"version-history":[{"count":12,"href":"https:\/\/ub.meduniwien.ac.at\/blog\/index.php?rest_route=\/wp\/v2\/posts\/2557\/revisions"}],"predecessor-version":[{"id":4505,"href":"https:\/\/ub.meduniwien.ac.at\/blog\/index.php?rest_route=\/wp\/v2\/posts\/2557\/revisions\/4505"}],"wp:attachment":[{"href":"https:\/\/ub.meduniwien.ac.at\/blog\/index.php?rest_route=%2Fwp%2Fv2%2Fmedia&parent=2557"}],"wp:term":[{"taxonomy":"category","embeddable":true,"href":"https:\/\/ub.meduniwien.ac.at\/blog\/index.php?rest_route=%2Fwp%2Fv2%2Fcategories&post=2557"},{"taxonomy":"post_tag","embeddable":true,"href":"https:\/\/ub.meduniwien.ac.at\/blog\/index.php?rest_route=%2Fwp%2Fv2%2Ftags&post=2557"}],"curies":[{"name":"wp","href":"https:\/\/api.w.org\/{rel}","templated":true}]}}