{"id":25419,"date":"2017-10-25T08:58:37","date_gmt":"2017-10-25T07:58:37","guid":{"rendered":"https:\/\/ub-blog.meduniwien.ac.at\/blog\/?p=25419"},"modified":"2017-07-27T07:31:59","modified_gmt":"2017-07-27T06:31:59","slug":"gastautor-prof-dr-hermann-aichmair-augen-amulette-brillen-optik-44-das-auge-in-malerei-musik-und-literatur","status":"publish","type":"post","link":"https:\/\/ub.meduniwien.ac.at\/blog\/?p=25419","title":{"rendered":"Gastautor: Prof. Dr. Hermann AICHMAIR: Augen &#8211; Amulette, Brillen, Optik [44]: Das Auge in Malerei, Musik und Literatur"},"content":{"rendered":"<p><strong>Gastautor: Prof. Dr. Hermann AICHMAIR: Augen &#8211; Amulette, Brillen, Optik [44]: Das Auge in Malerei, Musik und Literatur<\/strong><\/p>\n<p>Jacques Offenbach wurde 1819 in K\u00f6ln als Sohn eines Synagogen-Vorstandes geboren. Mit 14 Jahren ging er nach Paris, um Violoncello zu lernen. Ab 1849 war er Kapellmeister am Theater Francais. 1855-1866 trat er auf seiner eigenen Kleinb\u00fchne Bouffes Parisiennes auf. Hier wurde auch die komische Oper \u201eDie beiden Blinden&#8220; uraufgef\u00fchrt. Er wurde damit in Paris sehr bekannt. Sein<br \/>\nbekanntestes Werk ist jedoch \u201eHoffmanns Erz\u00e4hlungen&#8220;, dessen Auff\u00fchrung er nicht mehr erlebte. 1880 starb er verarmt in Paris.<br \/>\n<a href=\"https:\/\/de.wikipedia.org\/wiki\/Jacques_Offenbach\">https:\/\/de.wikipedia.org\/wiki\/Jacques_Offenbach<\/a><\/p>\n<p>Es ist kein Wunder, dass ein f\u00fcr alle Verrichtungen des menschlichen Lebens so wertvolles und wichtiges Sinnesorgan wie das Auge nicht nur den Augenarzt und Optiker als seine Helfer und Betreuer besch\u00e4ftigt, sondern auch Dichter zum Schaffen angeregt hat. Sowohl f\u00fcr die hohe Sch\u00e4tzung des Auges wie f\u00fcr das herbe Geschick des Blinden findet er oft beredten und ergreifenden Ausdruck. Auch der Augenarzt und die Brille kommen dabei nicht zu kurz und damit auch Scherz und Spott, die sich auch der Augendiagnose bem\u00e4chtigt haben. \u201eEr beh\u00fcte ihn, wie einen Augapfel &#8220; aus 5. Buch Mosis, 32. Kapitel, Vers 10. Dies berichtet Richard Gutzeit in seinem Heft \u00fcber \u201eDas Auge und die Brille&#8220; in der ernsten und heiteren Dichtung.<\/p>\n<p><a href=\"https:\/\/ub-blog.meduniwien.ac.at\/blog\/?cat=1221\">Alle Beitr\u00e4ge&#8211;&gt;Augenheilkunde<\/a><\/p>\n<p style=\"text-align: justify;\">Text: Hermann AICHMAIR, MEIDLING BL\u00c4TTER DES BEZIRKSMUSEUMS, Heft 59, 2003<br \/>\nFotos: Sammlung Hermann Aichmair Bezirksmuseum Meidling<\/p>\n","protected":false},"excerpt":{"rendered":"<p>Gastautor: Prof. Dr. Hermann AICHMAIR: Augen &#8211; Amulette, Brillen, Optik [44]: Das Auge in Malerei, Musik und Literatur Jacques Offenbach wurde 1819 in K\u00f6ln als Sohn eines Synagogen-Vorstandes geboren. Mit 14 Jahren ging er nach Paris, um Violoncello zu lernen. Ab 1849 war er Kapellmeister am Theater Francais. 1855-1866 trat er auf seiner eigenen Kleinb\u00fchne &hellip; <a href=\"https:\/\/ub.meduniwien.ac.at\/blog\/?p=25419\" class=\"more-link\"><span class=\"screen-reader-text\">Gastautor: Prof. Dr. Hermann AICHMAIR: Augen &#8211; Amulette, Brillen, Optik [44]: Das Auge in Malerei, Musik und Literatur<\/span> weiterlesen <span class=\"meta-nav\">&rarr;<\/span><\/a><\/p>\n","protected":false},"author":2,"featured_media":0,"comment_status":"open","ping_status":"open","sticky":false,"template":"","format":"standard","meta":{"ngg_post_thumbnail":0,"footnotes":""},"categories":[1221,33,2,16,18],"tags":[1224,1223,1225,1222,1226],"class_list":["post-25419","post","type-post","status-publish","format-standard","hentry","category-augenheilkunde","category-gastbeitrage","category-news","category-news1","category-news3","tag-amulette","tag-augen","tag-brillen","tag-geschichte-augenheilkunde","tag-optik"],"views":3246,"_links":{"self":[{"href":"https:\/\/ub.meduniwien.ac.at\/blog\/index.php?rest_route=\/wp\/v2\/posts\/25419","targetHints":{"allow":["GET"]}}],"collection":[{"href":"https:\/\/ub.meduniwien.ac.at\/blog\/index.php?rest_route=\/wp\/v2\/posts"}],"about":[{"href":"https:\/\/ub.meduniwien.ac.at\/blog\/index.php?rest_route=\/wp\/v2\/types\/post"}],"author":[{"embeddable":true,"href":"https:\/\/ub.meduniwien.ac.at\/blog\/index.php?rest_route=\/wp\/v2\/users\/2"}],"replies":[{"embeddable":true,"href":"https:\/\/ub.meduniwien.ac.at\/blog\/index.php?rest_route=%2Fwp%2Fv2%2Fcomments&post=25419"}],"version-history":[{"count":14,"href":"https:\/\/ub.meduniwien.ac.at\/blog\/index.php?rest_route=\/wp\/v2\/posts\/25419\/revisions"}],"predecessor-version":[{"id":27986,"href":"https:\/\/ub.meduniwien.ac.at\/blog\/index.php?rest_route=\/wp\/v2\/posts\/25419\/revisions\/27986"}],"wp:attachment":[{"href":"https:\/\/ub.meduniwien.ac.at\/blog\/index.php?rest_route=%2Fwp%2Fv2%2Fmedia&parent=25419"}],"wp:term":[{"taxonomy":"category","embeddable":true,"href":"https:\/\/ub.meduniwien.ac.at\/blog\/index.php?rest_route=%2Fwp%2Fv2%2Fcategories&post=25419"},{"taxonomy":"post_tag","embeddable":true,"href":"https:\/\/ub.meduniwien.ac.at\/blog\/index.php?rest_route=%2Fwp%2Fv2%2Ftags&post=25419"}],"curies":[{"name":"wp","href":"https:\/\/api.w.org\/{rel}","templated":true}]}}