{"id":25070,"date":"2016-01-24T01:46:06","date_gmt":"2016-01-24T00:46:06","guid":{"rendered":"https:\/\/ub-blog.meduniwien.ac.at\/blog\/?p=25070"},"modified":"2016-01-21T07:37:11","modified_gmt":"2016-01-21T06:37:11","slug":"gastautor-prof-dr-peter-heilig-das-gedaechtnis-und-die-krankheit-des-vergessens","status":"publish","type":"post","link":"https:\/\/ub.meduniwien.ac.at\/blog\/?p=25070","title":{"rendered":"Gastautor: Prof. Dr. Peter Heilig: DAS GED\u00c4CHTNIS und DIE KRANKHEIT DES VERGESSENS"},"content":{"rendered":"<p><strong>DAS GED\u00c4CHTNIS und DIE KRANKHEIT DES VERGESSENS<\/strong><\/p>\n<p><img loading=\"lazy\" decoding=\"async\" class=\"alignnone size-full wp-image-25077\" src=\"https:\/\/ub-blog.meduniwien.ac.at\/blog\/wp-content\/uploads\/2016\/01\/kaku.gif\" alt=\"kaku\" width=\"500\" height=\"682\" \/><\/p>\n<p><strong><em>&#8222;Ohne unsere Erinnerungen sind wir verloren und treiben orientierungslos in einem Meer sinnloser Reize, nicht in der Lage die Vergangenheit oder uns selbst zu verstehen&#8220; . <\/em><\/strong><strong>Michio Kaku<\/strong><\/p>\n<p><img loading=\"lazy\" decoding=\"async\" class=\"alignnone size-full wp-image-25072\" src=\"https:\/\/ub-blog.meduniwien.ac.at\/blog\/wp-content\/uploads\/2016\/01\/kakui.gif\" alt=\"kakui\" width=\"550\" height=\"394\" \/><\/p>\n<p><strong>&#8222;Das bewu\u00dfte Ged\u00e4chtni\u00df des Menschen verlischt mit dem Tode. Aber das unbewu\u00dfte Ged\u00e4chtni\u00df der Natur ist treu und unaustilgbar, und wem es gelang ihr die Spuren seines Wirkens aufzudr\u00fccken, dessen gedenkt sie f\u00fcr immer &#8220; &#8211; mit diesen Worten beendete Ewald Hering seinen Vortrag in der \u201cFeierlichen Sitzung der Kaiserlichen Akademie der Wissenschaften, AD MDCCCLXX\u201d.<\/strong><\/p>\n<p><strong><img loading=\"lazy\" decoding=\"async\" class=\" size-full wp-image-25073 alignleft\" src=\"https:\/\/ub-blog.meduniwien.ac.at\/blog\/wp-content\/uploads\/2016\/01\/Hering.gif\" alt=\"Hering\" width=\"450\" height=\"643\" \/><\/strong><\/p>\n<p><strong><em>&#8222;Zwischen dem, der ich heute bin und dem, der ich gestern war, liegt als eine Kluft der Bewusstlosigkeit, der Schlaf der Nacht, und nur das Ged\u00e4chtni\u00df spannt eine Br\u00fccke zwischen meinem Heute und meinem Gestern.&#8220;<\/em><\/strong><\/p>\n<p><strong>Bewusstsein: &#8222;So betrachtet erscheinen die Ph\u00e4nomene des Bewusstseins als Function der materiellen der organisirten Substanz, und &#8211; die materiellen Processe der Hirnsubstanz als Functionen der Ph\u00e4nomene des Bewusstseins.&#8220;<\/strong><\/p>\n<p><strong>Zum &#8218;Sinnenged\u00e4chtnis&#8216;: &#8222;..da\u00df in userem Nervensystem eine materielle Spur zur\u00fcckbleibt, eine Ver\u00e4nderung des molekularen oder atomistischen Gef\u00fcges..&#8220; ..so wird die ganze reiche Welt unserer Vorstellungen und Begriffe aufgebaut aus den Werksteinen des Ged\u00e4chtnisses.&#8220;<\/strong><\/p>\n<p><strong>&#8222;So sehen wir denn, da\u00df es das Ged\u00e4chtni\u00df ist, dem wir fast alles verdanken.. &#8211; so zerfiele ohne die bindende Macht des Ged\u00e4chtnisses unser Bewusstsein in so viele Splitter, als es Augenblicke z\u00e4hlt.&#8220;<\/strong><\/p>\n<p><strong>Hering, E (1876) \u00dcber das Ged\u00e4chtniss als Eine Allgemeine Funktion der organisirten Materie. Vortrag, gehalten in der Feierlichen Sitzung der Kaiserlichen Akademie der Wissenschaft. Am XXX. Mai MDCCCLXX von Ewald Hering, Wirklichem Mitglied der Kaiserlichen Akademie der Wissenschaften<br \/>\nDruck und Verlag von Carl Gerold&#8217;s Sohn, Wien<\/strong><\/p>\n<p><a href=\"http:\/\/ub.meduniwien.ac.at\/edocmed\/?f_file=1&amp;f_ac=AC08010410\">Volltext&#8211;&gt;PDF<\/a><\/p>\n<p><strong>Michio Kaku (2015) Die Physik des Bewusstseins. \u00dcber die Zukunft des Geistes. rororo 62860<\/strong><\/p>\n<p><strong>&#8212;<\/strong><\/p>\n<p><img loading=\"lazy\" decoding=\"async\" class=\"alignnone size-full wp-image-25076\" src=\"https:\/\/ub-blog.meduniwien.ac.at\/blog\/wp-content\/uploads\/2016\/01\/Alzheimer.gif\" alt=\"Alzheimer\" width=\"450\" height=\"643\" \/><\/p>\n<p><strong><em>&#8222;Ich habe mich sozusagen selbst verloren&#8220;. <\/em><\/strong><strong>Der Psychiater und Neuropathologe Alois Alzheimer (1864-19.12.1915 \u2013 hundertster Todestag) beschrieb die Symptomatik der damals 51-j\u00e4hrigen Auguste D. als\u201cdie Krankheit des Vergessens\u201d. Auf einer Fach\u00e4rzte-Tagung in T\u00fcbingen (November 1906) pr\u00e4sentierte Alzheimer erstmals dieses Krankheitsbild: \u201cKein Diskussionsbedarf&#8220; &#8211; meinte damals der Vorsitzende.<\/strong><\/p>\n<p><strong>Epilog: In den ersch\u00fctternden Dokumenten Viktor Frankls, der sein rettendes Visum verfallen lie\u00df um seine Eltern nicht im Stich zu lassen, findet sich ein besonders bemerkenswerter Satz:<\/strong><\/p>\n<p><strong><em>&#8222;Menschsein ist n\u00e4mlich nichts anderes als Bewusst-Sein und Verantwortlich-Sein!&#8220; <\/em><\/strong><strong>Bewusst Sein.<\/strong><\/p>\n<p><strong>Frankl V (2015) Es kommt der Tag, da bist du frei. Unver\u00f6ffentlichte Briefe, Texte und Reden. K\u00f6sel p124<\/strong><\/p>\n<p><a href=\"https:\/\/ub-blog.meduniwien.ac.at\/blog\/?s=heilig\">Weitere Artikel von Prof. Dr.Heilig&#8211;&gt;<\/a><\/p>\n<p>&nbsp;<\/p>\n","protected":false},"excerpt":{"rendered":"<p>DAS GED\u00c4CHTNIS und DIE KRANKHEIT DES VERGESSENS &#8222;Ohne unsere Erinnerungen sind wir verloren und treiben orientierungslos in einem Meer sinnloser Reize, nicht in der Lage die Vergangenheit oder uns selbst zu verstehen&#8220; . Michio Kaku &#8222;Das bewu\u00dfte Ged\u00e4chtni\u00df des Menschen verlischt mit dem Tode. Aber das unbewu\u00dfte Ged\u00e4chtni\u00df der Natur ist treu und unaustilgbar, und &hellip; <a href=\"https:\/\/ub.meduniwien.ac.at\/blog\/?p=25070\" class=\"more-link\"><span class=\"screen-reader-text\">Gastautor: Prof. Dr. Peter Heilig: DAS GED\u00c4CHTNIS und DIE KRANKHEIT DES VERGESSENS<\/span> weiterlesen <span class=\"meta-nav\">&rarr;<\/span><\/a><\/p>\n","protected":false},"author":2,"featured_media":0,"comment_status":"open","ping_status":"open","sticky":false,"template":"","format":"standard","meta":{"ngg_post_thumbnail":0,"footnotes":""},"categories":[33,2,16],"tags":[],"class_list":["post-25070","post","type-post","status-publish","format-standard","hentry","category-gastbeitrage","category-news","category-news1"],"views":28261,"_links":{"self":[{"href":"https:\/\/ub.meduniwien.ac.at\/blog\/index.php?rest_route=\/wp\/v2\/posts\/25070","targetHints":{"allow":["GET"]}}],"collection":[{"href":"https:\/\/ub.meduniwien.ac.at\/blog\/index.php?rest_route=\/wp\/v2\/posts"}],"about":[{"href":"https:\/\/ub.meduniwien.ac.at\/blog\/index.php?rest_route=\/wp\/v2\/types\/post"}],"author":[{"embeddable":true,"href":"https:\/\/ub.meduniwien.ac.at\/blog\/index.php?rest_route=\/wp\/v2\/users\/2"}],"replies":[{"embeddable":true,"href":"https:\/\/ub.meduniwien.ac.at\/blog\/index.php?rest_route=%2Fwp%2Fv2%2Fcomments&post=25070"}],"version-history":[{"count":8,"href":"https:\/\/ub.meduniwien.ac.at\/blog\/index.php?rest_route=\/wp\/v2\/posts\/25070\/revisions"}],"predecessor-version":[{"id":25182,"href":"https:\/\/ub.meduniwien.ac.at\/blog\/index.php?rest_route=\/wp\/v2\/posts\/25070\/revisions\/25182"}],"wp:attachment":[{"href":"https:\/\/ub.meduniwien.ac.at\/blog\/index.php?rest_route=%2Fwp%2Fv2%2Fmedia&parent=25070"}],"wp:term":[{"taxonomy":"category","embeddable":true,"href":"https:\/\/ub.meduniwien.ac.at\/blog\/index.php?rest_route=%2Fwp%2Fv2%2Fcategories&post=25070"},{"taxonomy":"post_tag","embeddable":true,"href":"https:\/\/ub.meduniwien.ac.at\/blog\/index.php?rest_route=%2Fwp%2Fv2%2Ftags&post=25070"}],"curies":[{"name":"wp","href":"https:\/\/api.w.org\/{rel}","templated":true}]}}