{"id":24414,"date":"2016-09-25T12:45:03","date_gmt":"2016-09-25T11:45:03","guid":{"rendered":"https:\/\/ub-blog.meduniwien.ac.at\/blog\/?p=24414"},"modified":"2016-06-10T08:58:00","modified_gmt":"2016-06-10T07:58:00","slug":"gastautor-prof-dr-hermann-aichmair-augen-amulette-brillen-optik-24-augenamulette-augenvotive-augenvotivbilder-und-alte-brillen","status":"publish","type":"post","link":"https:\/\/ub.meduniwien.ac.at\/blog\/?p=24414","title":{"rendered":"Gastautor: Prof. Dr. Hermann AICHMAIR: Augen &#8211; Amulette, Brillen, Optik [24]: Augenamulette, Augenvotive, Augenvotivbilder und alte Brillen"},"content":{"rendered":"<p><strong><img loading=\"lazy\" decoding=\"async\" class=\"alignnone size-full wp-image-25991\" src=\"https:\/\/ub-blog.meduniwien.ac.at\/blog\/wp-content\/uploads\/2016\/03\/Deocolis.gif\" alt=\"Deocolis\" width=\"377\" height=\"212\" \/><br \/>\nGastautor: Prof. Dr. Hermann AICHMAIR: Augen &#8211; Amulette, Brillen, Optik [24]: Augenamulette, Augenvotive, Augenvotivbilder und alte Brillen<br \/>\n<\/strong><br \/>\n<img loading=\"lazy\" decoding=\"async\" class=\" size-full wp-image-24420 alignleft\" src=\"https:\/\/ub-blog.meduniwien.ac.at\/blog\/wp-content\/uploads\/2015\/10\/Augenidoljpg.jpg\" alt=\"Augenidoljpg\" width=\"128\" height=\"315\" srcset=\"https:\/\/ub.meduniwien.ac.at\/blog\/wp-content\/uploads\/2015\/10\/Augenidoljpg.jpg 128w, https:\/\/ub.meduniwien.ac.at\/blog\/wp-content\/uploads\/2015\/10\/Augenidoljpg-122x300.jpg 122w\" sizes=\"auto, (max-width: 128px) 100vw, 128px\" \/>Leopold Schmid hat sich z. B. mit dem Problem des M\u00e4nnerohrringes ausf\u00fchrlich besch\u00e4ftigt. Das sogenannte \u201eFlinserl&#8220; wird heute noch in der Schweiz im Kanton Appenzell von den Sennern einseitig im Ohrl\u00e4ppchen getragen, um sich vor Augenkrankheiten\u00a0zu sch\u00fctzen. Genau dasselbe Amulett habe ich w\u00e4hrend\u00a0meines Urlaubes in K\u00e4rnten am W\u00f6rthersee bei einem Hotelier gesehen, der es wegen einer Ablatio insanata auf Anraten eines ausl\u00e4ndischen Arztes trug.<br \/>\nEs gibt auch Berichte, wonach sich im Ohrl\u00e4ppchen ein Akupunkturpunkt f\u00fcr das Auge befindet, weshalb das Tragen eines Flinserls sehr wohl medizinisch gerechtfertigt sei. Nur als Schmuck hingegen wird der Ohrring von vielen jungen Menschen getragen. Bei Ben\u00fctzung des Flinserls nur aus modischem Anla\u00df ist allerdings darauf zu achten, auf welcher Seite es eingesteckt wird, denn Eingeweihte k\u00f6nnen daraus R\u00fcckschl\u00fcsse auf die speziellen zwischenmenschlichen Beziehungen des Tr\u00e4gers schlie\u00dfen.<br \/>\nWohl die \u00e4ltesten uns bekannten Augenidole oder Augenamulette sind kleine Plastiken, die zu Tausenden in syrischen Tempeln gefunden wurden und vermutlich aus der Zeit von ca. 3.000 v. Chr. stammen; ihre Form ist im Lauf der Jahrtausende gleichgeblieben und fast ident mit den Wachsvotiven, die man in den Augenbr\u00fcnndln und Gnadenst\u00e4tten \u00d6sterreichs und Bayerns heute noch<br \/>\nstiftet.<\/p>\n<p><img loading=\"lazy\" decoding=\"async\" class=\"alignnone size-full wp-image-24412\" src=\"https:\/\/ub-blog.meduniwien.ac.at\/blog\/wp-content\/uploads\/2015\/10\/Amulette2.jpg\" alt=\"Amulette2\" width=\"350\" height=\"166\" srcset=\"https:\/\/ub.meduniwien.ac.at\/blog\/wp-content\/uploads\/2015\/10\/Amulette2.jpg 350w, https:\/\/ub.meduniwien.ac.at\/blog\/wp-content\/uploads\/2015\/10\/Amulette2-300x142.jpg 300w\" sizes=\"auto, (max-width: 350px) 100vw, 350px\" \/><\/p>\n<p><a href=\"https:\/\/ub-blog.meduniwien.ac.at\/blog\/?cat=1221\">Alle Beitr\u00e4ge&#8211;&gt;Augenheilkunde<\/a><\/p>\n<p style=\"text-align: justify;\">Text: Hermann AICHMAIR, MEIDLING BL\u00c4TTER DES BEZIRKSMUSEUMS, Heft 59, 2003<br \/>\nFotos: Sammlung Hermann Aichmair Bezirksmuseum Meidling<\/p>\n","protected":false},"excerpt":{"rendered":"<p>Gastautor: Prof. Dr. Hermann AICHMAIR: Augen &#8211; Amulette, Brillen, Optik [24]: Augenamulette, Augenvotive, Augenvotivbilder und alte Brillen Leopold Schmid hat sich z. B. mit dem Problem des M\u00e4nnerohrringes ausf\u00fchrlich besch\u00e4ftigt. Das sogenannte \u201eFlinserl&#8220; wird heute noch in der Schweiz im Kanton Appenzell von den Sennern einseitig im Ohrl\u00e4ppchen getragen, um sich vor Augenkrankheiten\u00a0zu sch\u00fctzen. Genau &hellip; <a href=\"https:\/\/ub.meduniwien.ac.at\/blog\/?p=24414\" class=\"more-link\"><span class=\"screen-reader-text\">Gastautor: Prof. Dr. Hermann AICHMAIR: Augen &#8211; Amulette, Brillen, Optik [24]: Augenamulette, Augenvotive, Augenvotivbilder und alte Brillen<\/span> weiterlesen <span class=\"meta-nav\">&rarr;<\/span><\/a><\/p>\n","protected":false},"author":2,"featured_media":0,"comment_status":"open","ping_status":"open","sticky":false,"template":"","format":"standard","meta":{"ngg_post_thumbnail":0,"footnotes":""},"categories":[1221,33,2,16,18],"tags":[1224,1223,1225,1222,1226],"class_list":["post-24414","post","type-post","status-publish","format-standard","hentry","category-augenheilkunde","category-gastbeitrage","category-news","category-news1","category-news3","tag-amulette","tag-augen","tag-brillen","tag-geschichte-augenheilkunde","tag-optik"],"views":15573,"_links":{"self":[{"href":"https:\/\/ub.meduniwien.ac.at\/blog\/index.php?rest_route=\/wp\/v2\/posts\/24414","targetHints":{"allow":["GET"]}}],"collection":[{"href":"https:\/\/ub.meduniwien.ac.at\/blog\/index.php?rest_route=\/wp\/v2\/posts"}],"about":[{"href":"https:\/\/ub.meduniwien.ac.at\/blog\/index.php?rest_route=\/wp\/v2\/types\/post"}],"author":[{"embeddable":true,"href":"https:\/\/ub.meduniwien.ac.at\/blog\/index.php?rest_route=\/wp\/v2\/users\/2"}],"replies":[{"embeddable":true,"href":"https:\/\/ub.meduniwien.ac.at\/blog\/index.php?rest_route=%2Fwp%2Fv2%2Fcomments&post=24414"}],"version-history":[{"count":11,"href":"https:\/\/ub.meduniwien.ac.at\/blog\/index.php?rest_route=\/wp\/v2\/posts\/24414\/revisions"}],"predecessor-version":[{"id":26070,"href":"https:\/\/ub.meduniwien.ac.at\/blog\/index.php?rest_route=\/wp\/v2\/posts\/24414\/revisions\/26070"}],"wp:attachment":[{"href":"https:\/\/ub.meduniwien.ac.at\/blog\/index.php?rest_route=%2Fwp%2Fv2%2Fmedia&parent=24414"}],"wp:term":[{"taxonomy":"category","embeddable":true,"href":"https:\/\/ub.meduniwien.ac.at\/blog\/index.php?rest_route=%2Fwp%2Fv2%2Fcategories&post=24414"},{"taxonomy":"post_tag","embeddable":true,"href":"https:\/\/ub.meduniwien.ac.at\/blog\/index.php?rest_route=%2Fwp%2Fv2%2Ftags&post=24414"}],"curies":[{"name":"wp","href":"https:\/\/api.w.org\/{rel}","templated":true}]}}