{"id":22237,"date":"2015-02-01T01:05:12","date_gmt":"2015-02-01T00:05:12","guid":{"rendered":"https:\/\/ub-blog.meduniwien.ac.at\/blog\/?p=22237"},"modified":"2015-01-22T10:47:53","modified_gmt":"2015-01-22T09:47:53","slug":"1-weltkrieg-medizin-19-kriegsseuchen-im-ersten-weltkrieg-teil-1","status":"publish","type":"post","link":"https:\/\/ub.meduniwien.ac.at\/blog\/?p=22237","title":{"rendered":"&#8222;1. Weltkrieg &#038; Medizin&#8220; [19]: Kriegsseuchen im Ersten Weltkrieg: Teil 1"},"content":{"rendered":"<p><strong><span>&#8222;Weltkrieg &amp; Medizin&#8220;:<br \/>\n<\/span><\/strong><strong><span style=\"color: #000000;\">Kriegsseuchen im Ersten Weltkrieg: Teil 1<\/span><\/strong><\/p>\n<p><span style=\"color: #000000;\">Die Seuchen- und Infektionsgefahren waren in den milit\u00e4rischen Konflikten des 19. Jahrhundert eine immense Bedrohung f\u00fcr die immer gr\u00f6\u00dfer werdenden Massenheere: Sie stellten zusehends die Aufrechterhaltung und Verf\u00fcgbarkeit der milit\u00e4rischen Kapazit\u00e4ten in Frage; sie bedrohten aber auch die Zivilbev\u00f6lkerung und damit den reibungslosen Ablauf der Kriegswirtschaft. Die Erfahrungen aus den Kriegen des 19. Jahrhunderts, wie dem Krimkrieg (1853-1856), dem amerikanischen B\u00fcrgerkrieg (1861-1865), dem deutsch-franz\u00f6sischen Krieg (1870\/71) und den Kriegen am Balkan (1912\/13), zeigten, dass die gr\u00f6\u00dften Verluste an Menschen durch Infektionskrankheiten und Epidemien hervorgerufen wurden. Mit dem Aufschwung den die Bakteriologie im letzten Drittel des 19. Jahrhunderts erfuhr, und den ersten erzielten Erfolgen bei der Bek\u00e4mpfung der Ursachen von Infektionskrankheiten wuchs auch deren milit\u00e4rische und strategische Bedeutung. Sie war Teil der milit\u00e4rischen Modernisierung und Aufr\u00fcstung.<\/span><\/p>\n<p><span style=\"color: #000000;\">Trotz des w\u00e4hrend des Krieges unternommenen massiven Ausbaus von Quarant\u00e4nestationen, Epidemie-Spit\u00e4lern oder Desinfektionsanstalten an der Front sowie in den Lagern im Landesinneren f\u00fcr Kriegsgefangene, Fl\u00fcchtlinge und Internierte, samt deren restriktiven und h\u00e4ufig die Menschenw\u00fcrde verletzenden Kontroll- und Behandlungsvorschriften, konnte der Bedarf an sanit\u00e4ren Ressourcen weder materiell, personell noch organisatorisch Schritt halten. Sie blieben lediglich ein Provisorium. So erkrankten zwischen 1914 und 1917 von den zirka 5,6 Millionen in die \u00f6sterreichisch-ungarische Armee eingezogenen Soldaten 433.517 an Tuberkulose, 418.588 an Typhus, 402.314 an Ruhr und 331.721 an Malaria. Cholera und Fleckfieber fanden vor allem am Balkan sowie in Galizien weite Verbreitung. Die Zahl derer, mit Geschlechtskrankheiten infizierten Soldaten (1.275.885) \u00fcberstieg die sonstigen Infektionskrankheiten. In den Jahren zwischen 1914 und 1917 starben ca. 100.000 Soldaten an einer Seuche. Schon unmittelbar nach Kriegsbeginn breiteten sich \u00fcber den s\u00fcd\u00f6stlichen Kriegsschauplatz (Serbien) bis in den nord\u00f6stlichen Kriegsschauplatz (Galizien) Ruhr, Cholera und Tuberkulose aus. Zu den Gefahrenquellen, welche die Ausbreitung von Kriegsseuchen beg\u00fcnstigten, geh\u00f6rten die schlechten hygienischen Bedingungen in den Front- und Etappenzonen, oder die katastrophale Wasserversorgung. Vor allem Fleckfieber, das speziell im Winter in den \u00fcberf\u00fcllten und hygienisch mangelhaft ausgestatteten Kriegsgefangenen- und Fl\u00fcchtlingslagern ausbrach, sowie Cholera und Ruhr, geh\u00f6rten zu den best\u00e4ndigen Begleitern des Krieges. Mit den ersten Verwundetentransporten und massenhaften Evakuierung der Zivilbev\u00f6lkerung in weiten Teilen Galiziens wurden die Kriegsseuchen auch f\u00fcr die Bev\u00f6lkerung im Hinterland zusehends zu einer Bedrohung, die ab 1917 durch die mangelhafte Nahrungsmittelversorgung zu einem dramatischen Anstieg der Sterblichkeit durch Infektionskrankheiten und Seuchen f\u00fchrte.<\/span><\/p>\n<p><em><span style=\"color: #000000;\">Lit: Biwald Brigitte, Von Helden und Kr\u00fcppeln. Das \u00f6sterreichisch-ungarische Milit\u00e4rsanit\u00e4tswesen im Ersten Weltkrieg. Teil 2, Wien 2002. Dietrich Elisabeth, Der andere Tod. Seuchen,<\/span><\/em><\/p>\n<p><a href=\"http:\/\/opac.meduniwien.ac.at\/F\/?func=full-set-set&amp;set_number=736285&amp;set_entry=000004&amp;format=999\">http:\/\/opac.meduniwien.ac.at\/F\/?func=full-set-set&amp;set_number=736285&amp;set_entry=000004&amp;format=999<\/a><\/p>\n<p><em><span style=\"color: #000000;\">Volkskrankheiten und Gesundheitswesen im Ersten Weltkrieg, in: Eisterer Klaus\/Steininger Rolf (Hg.), Tirol und der Erste Weltkrieg, Innsbruck 2011, 255-275.<\/span><\/em><\/p>\n<p><span style=\"color: #000000;\">Eine erste Artikelserie zur Bek\u00e4mpfung von Kriegsseuchen erschien im September-Oktober 1914 von <\/span><strong><span style=\"color: #000000;\">Roland Gra\u00dfberger<\/span><\/strong><span style=\"color: #000000;\"> (<\/span>*<span style=\"color: #000000;\">26.11.1867 Salzburg, +4.12.1956 Wien). Gra\u00dfberger studierte in Wien Medizin (Promotion 1882, Habilitation 1902) und war seit 1897 als Assistent am Hygiene-Institut der Medizinischen Fakult\u00e4t in Wien t\u00e4tig. (1906 a.o. Prof., 1917 o. Prof.) 1924 erfolgte seine Bestellung zum Vorstand des Institutes, eine Funktion, die er bis zu seiner Emeritierung 1936 aus\u00fcbte.<\/span><\/p>\n<p><strong><span style=\"color: #000000;\">Gra\u00dfberger Roland<\/span><\/strong><span style=\"color: #000000;\">, <\/span><em><span style=\"color: #000000;\">Kurs \u00fcber Infektionskrankheiten mit besonderer Ber\u00fccksichtigung der Kriegsseuchen (Teil 1)<\/span><\/em><span style=\"color: #000000;\">, in: Der Milit\u00e4rarzt, Nr. 21, 26.9.1914, S. 416-420.<\/span><\/p>\n<p><a href=\"http:\/\/anno.onb.ac.at\/cgi-content\/anno-plus?aid=dma&amp;datum=1914&amp;page=214&amp;size=45\"><span style=\"color: #0000ff;\">http:\/\/anno.onb.ac.at\/cgi-content\/anno-plus?aid=dma&amp;datum=1914&amp;page=214&amp;size=45<\/span><\/a><\/p>\n<p><span style=\"color: #000000;\">derselbe: <\/span><em><span style=\"color: #000000;\">Kurs \u00fcber Infektionskrankheiten mit besonderer Ber\u00fccksichtigung der Kriegsseuchen (Teil II)<\/span><\/em><span style=\"color: #000000;\">, in: Der Milit\u00e4rarzt, Nr. 23, 10.10.1914, S. 449-451.<\/span><\/p>\n<p><a href=\"http:\/\/anno.onb.ac.at\/cgi-content\/anno-plus?aid=dma&amp;datum=1914&amp;page=231&amp;size=45\"><span style=\"color: #0000ff;\">http:\/\/anno.onb.ac.at\/cgi-content\/anno-plus?aid=dma&amp;datum=1914&amp;page=231&amp;size=45<\/span><\/a><\/p>\n<p><span style=\"color: #000000;\">derselbe: <\/span><em><span style=\"color: #000000;\">Kurs \u00fcber Infektionskrankheiten mit besonderer Ber\u00fccksichtigung der Kriegsseuchen (Teil III)<\/span><\/em><span style=\"color: #000000;\">, in: Der Milit\u00e4rarzt, Nr. 25, 31.10.1914, S. 483-485.<\/span><\/p>\n<p><a href=\"http:\/\/anno.onb.ac.at\/cgi-content\/anno-plus?aid=dma&amp;datum=1914&amp;page=248&amp;size=45\"><span style=\"color: #0000ff;\">http:\/\/anno.onb.ac.at\/cgi-content\/anno-plus?aid=dma&amp;datum=1914&amp;page=248&amp;size=45<\/span><\/a><\/p>\n<p><span style=\"color: #000000;\">Von <\/span><strong><span style=\"color: #000000;\">Otto Zajicek <\/span><\/strong><span style=\"color: #000000;\">aus San Franzisko\/USA, der 1915 am k.u.k. Reservespital Nr. 8, Wien XII, an der \u201eAmerikanischen Rote Kreuz-Mission t\u00e4tig war, stammt ein am 27.2.1915 erschienener Aufsatz zur <\/span><em><span style=\"color: #000000;\">Die Schutzimpfung gegen Typhus und die mit ihr in der amerikanischen Armee erzielten Erfolge,<\/span><\/em><span style=\"color: #000000;\"> in der Wiener Medizinischen Wochenschrift, Nr. 9, 27.2.1915, S. 421-424.<\/span><\/p>\n<p><a href=\"http:\/\/anno.onb.ac.at\/cgi-content\/anno-plus?aid=wmw&amp;datum=1915&amp;page=221&amp;size=40\"><span style=\"color: #0000ff;\">http:\/\/anno.onb.ac.at\/cgi-content\/anno-plus?aid=wmw&amp;datum=1915&amp;page=221&amp;size=40<\/span><\/a><\/p>\n<p><span style=\"color: #000000;\">Von <\/span><strong><span style=\"color: #000000;\">Anton Weichselbaum<\/span><\/strong><span style=\"color: #000000;\"> erschien im Oktober 1914 der Aufsatz: <\/span><em><span style=\"color: #000000;\">\u00dcber die \u00c4tiologie, Epidemiologie und Prophylaxe der wichtigeren <\/span><\/em><span style=\"color: #000000;\">Kriegsseuchen, in: Wiener Medizinische Wochenschrift, Nr. 41, 10.10.1914, S. 2179-2187. (= Vortrag, gehalten am 21.9.1914 in der k.k. Gesellschaft der \u00c4rzte).<\/span><\/p>\n<p><a href=\"http:\/\/anno.onb.ac.at\/cgi-content\/anno-plus?aid=wmw&amp;datum=1914&amp;page=1120&amp;size=45\"><span style=\"color: #0000ff;\">http:\/\/anno.onb.ac.at\/cgi-content\/anno-plus?aid=wmw&amp;datum=1914&amp;page=1120&amp;size=45<\/span><\/a><\/p>\n<p><strong><span style=\"color: #000000;\">Weichselbaum Anton<\/span><\/strong><span style=\"color: #000000;\"> (*8.2.1845 Schiltern\/N\u00d6, +23.10.1920 Wien) war ein Pathologe und Bakteriologe. Er studierte an der Medizinischen Fakult\u00e4t der Universit\u00e4t Wien Medizin (Promotion: 1869) und habilitierte sich 1878 in Wien. Ab 1885 war er a.o. Professor f\u00fcr pathologische Histologie. Von 1893 bis 1916 war Weichselbaum o. Professor f\u00fcr pathologische Anatomie an der Medizinischen Fakult\u00e4t und 1912\/13 Rektor der Universit\u00e4t Wien. Ab 1917 war er Mitglied des Herrenhauses im \u00f6sterreichischen Reichsrat. <\/span><\/p>\n<p><span style=\"color: #000000;\">Im Oktober 1914 erschien von <\/span><strong><span style=\"color: #000000;\">Gustav Gaertner<\/span><\/strong><span style=\"color: #000000;\"> der Aufsatz: <\/span><em><span style=\"color: #000000;\">Fortschritte in der Behandlung der Cholera asiatica,<\/span><\/em><span style=\"color: #000000;\"> in: Der Milit\u00e4rarzt, Nr. 23, 10.10.1914, S. 441-445 (= Vortrag, gehalten am 23.9.1914 im Zyklus von Vortr\u00e4gen \u00fcber Epidemologie<\/span>).<\/p>\n<p><a href=\"http:\/\/anno.onb.ac.at\/cgi-content\/anno-plus?aid=dma&amp;datum=1914&amp;page=227&amp;size=45\"><span style=\"color: #0000ff;\">http:\/\/anno.onb.ac.at\/cgi-content\/anno-plus?aid=dma&amp;datum=1914&amp;page=227&amp;size=45<\/span><\/a><\/p>\n<p><strong><span style=\"color: #000000;\">Gaertner Gustav<\/span><\/strong><span style=\"color: #000000;\"> (*28.9.1855 Pardubitz\/B\u00f6hmen, + 04.11.1937 Wien). Nach dem Studium der Medizin an der Medizinischen Fakult\u00e4t der Universit\u00e4t Wien (Promotion 1879, Habilitation 1886) arbeitete er zun\u00e4chst an verschiedenen Abteilungen des Wiener Allgemeinen Krankenhauses und ab 1882 am Institut f\u00fcr allgemeine und experimentelle Pathologie bei <\/span><strong><span style=\"color: #000000;\">Salomon Stricker<\/span><\/strong><span style=\"color: #000000;\"> (*1.1.1843 Waag\/Neustald, +2.4.1898 Wien). 1885 erhielt er die Dozentur f\u00fcr das Fach der allgemeinen und experimentellen Pathologie und 1890 die a.o. Professur. Im Ersten Weltkrieg meldete er sich freiwillig als Arzt f\u00fcr das Garnisonsspital Grinzing\/Wien. 1918 erhielt Gaertner eine o. Professur an der Medizinischen Fakult\u00e4t in Wien. Er entwickelte eine gro\u00dfe Zahl medizinischer Apparaturen. <\/span><\/p>\n<p><span style=\"color: #000000;\">Ebenso zur <\/span><em><span style=\"color: #000000;\">Cholera asiatica<\/span><\/em><span style=\"color: #000000;\"> ver\u00f6ffentlichte <\/span><strong><span style=\"color: #000000;\">Hugo Neumann<\/span><\/strong><span style=\"color: #000000;\">, Spezialarzt f\u00fcr innere und Halskrankheiten in Wien, einen gleichnamigen Bericht in der der Zeitschrift: Wiener Medizinische Wochenschrift, Nr. 1, 2. 1.1915, (= Vortrag, gehalten in der Sitzung vom 17.12.1914 in der Gesellschaft f\u00fcr innere Medizin und Kinderheilkunde in Wien) S. 25-31.<\/span><\/p>\n<p><a href=\"http:\/\/anno.onb.ac.at\/cgi-content\/anno-plus?aid=wmw&amp;datum=1915&amp;size=45&amp;page=25\"><span style=\"color: #0000ff;\">http:\/\/anno.onb.ac.at\/cgi-content\/anno-plus?aid=wmw&amp;datum=1915&amp;size=45&amp;page=25<\/span><\/a><\/p>\n<p><span style=\"color: #000000;\">Von <\/span><strong><span style=\"color: #000000;\">Clemens Pirquet<\/span><\/strong><span style=\"color: #000000;\"> stammt der Artikel <\/span><em><span style=\"color: #000000;\">Wesen und Wert der Schutzimpfung gegen Blattern<\/span><\/em><span style=\"color: #000000;\">, publiziert in der Wiener Medizinischen Wochenschrift, Nr. 10, 6.3.1915, S. 449-458. <\/span><\/p>\n<p><a href=\"http:\/\/anno.onb.ac.at\/cgi-content\/anno-plus?aid=wmw&amp;datum=1915&amp;page=235&amp;size=45\"><span style=\"color: #0000ff;\">http:\/\/anno.onb.ac.at\/cgi-content\/anno-plus?aid=wmw&amp;datum=1915&amp;page=235&amp;size=45<\/span><\/a><\/p>\n<p><strong><span style=\"color: #000000;\">Pirquet<\/span><\/strong><strong><span style=\"color: #000000;\">Clemens <\/span><\/strong><span style=\"color: #000000;\">(*12.5.1874 Hirschstetten\/N\u00d6, +28.2.1929 Wien) arbeitete ab 1902 bei <\/span><strong><span style=\"color: #000000;\">Rudolf Kraus<\/span><\/strong><span style=\"color: #000000;\"> am Institut f\u00fcr Serotherapie in Wien. (Habilitation 1908). Von 1911 bis zu seinem Tode 1929 war er Leiter der Klinik f\u00fcr Kinderheilkunde an der Medizinischen Fakult\u00e4t der Universit\u00e4t Wien. 1903 erschien seine Arbeit zur \u201e<\/span><em><span style=\"color: #000000;\">Theorie der Infektionskrankheiten<\/span><\/em><span style=\"color: #000000;\">\u201c und gemeinsam mit seinem Mitarbeiter <\/span><strong><span style=\"color: #000000;\">Bela Schick<\/span><\/strong><span style=\"color: #000000;\"> (*16.7.1877 Balatonbogl\u00e0r\/Ungarn, +6.12.1967 New York\/USA), der 1923 in die USA emigrierte, die Monografie \u201e<\/span><em><span style=\"color: #000000;\">Die Serumkrankheit<\/span><\/em><span style=\"color: #000000;\">\u201c, Wien-Leipzig 1905.<\/span><\/p>\n<p><a href=\"http:\/\/webapp.uibk.ac.at\/alo_cat\/card.jsp?id=12359686\">http:\/\/webapp.uibk.ac.at\/alo_cat\/card.jsp?id=12359686#<\/a><\/p>\n<p><span style=\"color: #000000;\">Von <\/span><strong><span style=\"color: #000000;\">Djordje Joannovi\u0107s<\/span><\/strong><span style=\"color: #000000;\"> erschienen 1915 drei Aufs\u00e4tze zu Infektionskrankheiten. <\/span><strong><span style=\"color: #000000;\">Joannovi\u0107s Djordje <\/span><\/strong><span style=\"color: #000000;\">(*16.06.1871 Wien, +28.01.1932 Belgrad\/Yugoslawien) war Pathologie. Er studierte in Wien Medizin (Promotion 1895) und habilitierte sich 1904 an der Medizinischen Fakult\u00e4t in Wien).<\/span><\/p>\n<p><strong><span style=\"color: #000000;\">Joannovics Djordje<\/span><\/strong><span style=\"color: #000000;\">, <\/span><em><span style=\"color: #000000;\">Kurs \u00fcber Infektionskrankheiten mit besonderer Ber\u00fccksichtigung der Kriegsseuchen<\/span><\/em><span style=\"color: #000000;\">, in: Der Milit\u00e4rarzt, Nr. 1, 9.1.1915, S. 11-12.<\/span><\/p>\n<p><a href=\"http:\/\/anno.onb.ac.at\/cgi-content\/anno-plus?aid=dma&amp;datum=1915&amp;page=12&amp;size=45\"><span style=\"color: #0000ff;\">http:\/\/anno.onb.ac.at\/cgi-content\/anno-plus?aid=dma&amp;datum=1915&amp;page=12&amp;size=45<\/span><\/a><\/p>\n<p><span style=\"color: #000000;\">derselbe: <\/span><em><span style=\"color: #000000;\">Kurs \u00fcber Infektionskrankheiten mit besonderer Ber\u00fccksichtigung der Kriegsseuchen<\/span><\/em><span style=\"color: #000000;\">, in: Der Milit\u00e4rarzt, Nr. 3, 13.2.1915, S. 50-51.<\/span><\/p>\n<p><a href=\"http:\/\/anno.onb.ac.at\/cgi-content\/anno-plus?aid=dma&amp;datum=1915&amp;page=31&amp;size=45\"><span style=\"color: #0000ff;\">http:\/\/anno.onb.ac.at\/cgi-content\/anno-plus?aid=dma&amp;datum=1915&amp;page=31&amp;size=45<\/span><\/a><\/p>\n<p><span style=\"color: #000000;\">derselbe: <\/span><em><span style=\"color: #000000;\">Kurs \u00fcber Infektionskrankheiten mit besonderer Ber\u00fccksichtigung der Kriegsseuchen<\/span><\/em><span style=\"color: #000000;\">, in: Der Milit\u00e4rarzt, Nr. 17, 24.4.1915, S. 142-145.<\/span><\/p>\n<p><a href=\"http:\/\/anno.onb.ac.at\/cgi-content\/anno-plus?aid=dma&amp;datum=1915&amp;size=45&amp;page=77\"><span style=\"color: #0000ff;\">http:\/\/anno.onb.ac.at\/cgi-content\/anno-plus?aid=dma&amp;datum=1915&amp;size=45&amp;page=77<\/span><\/a><\/p>\n<p><span style=\"color: #000000;\">Bis 1913 waren in der k.k. Armee sogenannte kleine \u201eEpidemie-Laboratorien\u201c nach der Konstruktion des Stabsarztes Rudolf Doerr im Einsatz.<\/span> <strong><span style=\"color: #000000;\">Doerr Robert<\/span><\/strong><span style=\"color: #000000;\"> (*1.11.1871 T\u00e9cs\u00f6\/Ungarn, +6.1.1952 Basel\/Schweiz) studierte Medizin in Wien (Promotion 1897). Danach war er als Milit\u00e4rarzt in Bosnien t\u00e4tig (Oberstabsarzt). 1909 habilitierte er sich an der Medizinischen Fakult\u00e4t der Universit\u00e4t Wien (seit 1912 a.o. Prof.). Er war als Hygieniker in beratender Funktion in der k.k. Armee t\u00e4tig und leitete w\u00e4hrend des Ersten Weltkrieges das bakteriologische Laboratorium des k.k. Milit\u00e4rsanit\u00e4tskomitee. 1919 \u00fcbernahm Doerr die Direktion des Hygiene-Institutes an der Universit\u00e4t Basel, wo er als o. Prof. f\u00fcr Hygiene und Mikrobiologie bis 1943 arbeitete. <\/span><\/p>\n<p><strong><span style=\"color: #000000;\">Doerr Robert<\/span><\/strong><span style=\"color: #000000;\">, <\/span><em><span style=\"color: #000000;\">Die Bakteriologischen Feld-Laboratorien der \u00d6sterreichischen Gesellschaft vom Roten Kreuze Konstruiert von R. Doerr und Joseph Winter, Wien, 1914.<\/span><\/em><\/p>\n<p><a href=\"http:\/\/webapp.uibk.ac.at\/alo_cat\/card.jsp?id=8567070&amp;pos=0&amp;phys=\">http:\/\/webapp.uibk.ac.at\/alo_cat\/card.jsp?id=8567070&amp;pos=0&amp;phys=#<\/a><\/p>\n<p><span style=\"color: #000000;\">Ab 1913 wurden die von Doerr entworfenen Laboratorien modifiziert. Diese Entwicklung ging auf die Initiative von <\/span><strong><span style=\"color: #000000;\">Rudolf Kraus<\/span><\/strong><span style=\"color: #000000;\"> und <\/span><strong><span style=\"color: #000000;\">Joseph Winter<\/span><\/strong><span style=\"color: #000000;\"> zur\u00fcck. Rudolf Kraus trug vor Kriegsausbruch wesentlich zur Modernisierung der \u201eSeuchenbek\u00e4mpfung\u201c im \u00f6sterreichischen Milit\u00e4rwesen bei. Er griff auf die von <\/span><strong><span style=\"color: #000000;\">Robert Doerr<\/span><\/strong><span style=\"color: #000000;\"> konstruierten mobilen Laboratorien zur\u00fcck und vergr\u00f6\u00dferte diese mithilfe eines Baukastensystems. Seine Ergebnisse aus seinen Erfahrungen der Bek\u00e4mpfung der Cholera w\u00e4hrend des bulgarisch-t\u00fcrkischen Krieges (1912) sind in seiner 1913 gemeinsam mit <\/span><strong><span style=\"color: #000000;\">Joseph Winter<\/span><\/strong><span style=\"color: #000000;\"> erschienen Schrift niedergelegt worden. Hier finden sich jene Vorstellungen umgesetzt, die unmittelbar darauf, auf Dr\u00e4ngen von Kraus, von der \u00f6sterreichisch-ungarischen Armee w\u00e4hrend des Ersten Weltkrieges zur standardm\u00e4\u00dfigen Ausstattung f\u00fchrten und \u2013 zun\u00e4chst von <\/span><strong><span style=\"color: #000000;\">Joseph Winter<\/span><\/strong><span style=\"color: #000000;\"> finanziert \u2013 ab Kriegsbeginn an den Frontabschnitten zum Einsatz kamen.<\/span><\/p>\n<p><img loading=\"lazy\" decoding=\"async\" class=\"alignnone size-full wp-image-22241\" title=\"kraus_1913_1\" src=\"https:\/\/ub-blog.meduniwien.ac.at\/blog\/wp-content\/uploads\/2015\/02\/kraus_1913_1.jpg\" alt=\"\" width=\"350\" height=\"249\" srcset=\"https:\/\/ub.meduniwien.ac.at\/blog\/wp-content\/uploads\/2015\/02\/kraus_1913_1.jpg 350w, https:\/\/ub.meduniwien.ac.at\/blog\/wp-content\/uploads\/2015\/02\/kraus_1913_1-300x213.jpg 300w\" sizes=\"auto, (max-width: 350px) 100vw, 350px\" \/><\/p>\n<p><span style=\"color: #000000;\">Abb.: Aus: Kraus, Eine Organisation, Berlin-Wien 1913.<\/span><\/p>\n<p><img loading=\"lazy\" decoding=\"async\" class=\"alignnone size-full wp-image-22243\" title=\"kraus_1913_2\" src=\"https:\/\/ub-blog.meduniwien.ac.at\/blog\/wp-content\/uploads\/2015\/02\/kraus_1913_2.jpg\" alt=\"\" width=\"350\" height=\"384\" srcset=\"https:\/\/ub.meduniwien.ac.at\/blog\/wp-content\/uploads\/2015\/02\/kraus_1913_2.jpg 350w, https:\/\/ub.meduniwien.ac.at\/blog\/wp-content\/uploads\/2015\/02\/kraus_1913_2-273x300.jpg 273w\" sizes=\"auto, (max-width: 350px) 100vw, 350px\" \/><\/p>\n<p><span style=\"color: #000000;\">Abb.: Aus: Kraus, Eine Organisation, Berlin-Wien 1913<\/span><\/p>\n<p><img loading=\"lazy\" decoding=\"async\" class=\"alignnone size-full wp-image-22244\" title=\"kraus_1913_3\" src=\"https:\/\/ub-blog.meduniwien.ac.at\/blog\/wp-content\/uploads\/2015\/02\/kraus_1913_3.jpg\" alt=\"\" width=\"350\" height=\"579\" srcset=\"https:\/\/ub.meduniwien.ac.at\/blog\/wp-content\/uploads\/2015\/02\/kraus_1913_3.jpg 350w, https:\/\/ub.meduniwien.ac.at\/blog\/wp-content\/uploads\/2015\/02\/kraus_1913_3-181x300.jpg 181w\" sizes=\"auto, (max-width: 350px) 100vw, 350px\" \/><br \/>\n<span style=\"color: #000000;\">Abb.: Aus: Kraus, Eine Organisation, Berlin-Wien 1913<\/span><\/p>\n<p><strong><span style=\"color: #000000;\">Kraus Rudolf<\/span><\/strong><span style=\"color: #000000;\">, <\/span><em><span style=\"color: #000000;\">Eine Organisation zur Bek\u00e4mpfung der Kriegsseuchen in der \u00f6sterreichischen Armee. Vorschl\u00e4ge zur internationalen Hilfeleistung durch das Rote Kreuz<\/span><\/em><span style=\"color: #000000;\"> (von Kraus Rudolf und Winter Joseph), Berlin-Wien, 1913.<\/span><\/p>\n<p><a href=\"http:\/\/webapp.uibk.ac.at\/alo_cat\/card.jsp?id=8600009&amp;pos=0&amp;phys=\">http:\/\/webapp.uibk.ac.at\/alo_cat\/card.jsp?id=8600009&amp;pos=0&amp;phys=#<\/a><\/p>\n<p><strong><a href=\"https:\/\/ub-blog.meduniwien.ac.at\/blog\/wp-content\/uploads\/2015\/02\/kriegsseuchen_kraus_1913_weblog_04.pdf\">Kriegsseuchen Kraus1913&#8211;&gt;PDF<\/a><\/strong><\/p>\n<p><span style=\"color: #000000;\">Dar\u00fcber hinaus strengte <\/span><strong><span style=\"color: #000000;\">Kraus<\/span><\/strong><span style=\"color: #000000;\"> eine Initiative zur Umsetzung der Ma\u00dfnahmen zur Bek\u00e4mpfung von Kriegsseuchen auch durch das Internationale Rote Kreuz an, sowie die Aufnahme kodifizierter Ma\u00dfnahmen zur internationalen Zusammenarbeit bei der Seuchenbek\u00e4mpfung in den Rechtskorpus der Genfer Konventionen. <\/span><\/p>\n<p><span style=\"color: #000000;\">Kraus Rudolf, <\/span><em><span style=\"color: #000000;\">Eine Aktion zur Bek\u00e4mpfung der Kriegsseuchen. K\u00f6nig Ferdinand von Bulgarien als Protektor<\/span><\/em><span style=\"color: #000000;\">, in: Neues Wiener Tagblatt, J\u00e4nner 1915.<\/span><\/p>\n<p><span style=\"color: #000000;\">(<\/span><em><span style=\"color: #000000;\">Zweigbibliothek Geschichte der Medizin, Sign. 32.440<\/span><\/em><span style=\"color: #000000;\">)<\/span><\/p>\n<p><strong><span style=\"color: #000000;\">Kraus<\/span><\/strong><strong><span style=\"color: #000000;\">Rudolf <\/span><\/strong><span style=\"color: #000000;\">(*31.10. 1868 Jungbunzlau\/B\u00f6hmen; +16.7.1932 Santiago de Chile\/Chile) begann seine medizinische Laufbahn unter <\/span><strong><span style=\"color: #000000;\">Salomon Stricker<\/span><\/strong><span style=\"color: #000000;\"> am Institut f\u00fcr Allgemeine und Experimentelle Pathologie der Medizinischen Fakult\u00e4t an der Universit\u00e4t Wien. Seine Forschungsgebiete lagen auf der Pathologie, Bakteriologie und Immunologie; er gilt als ein Pionier der klinischen Chemie und Laboratoriumsdiagnostik. Kurz vor Beginn des Ersten Weltkriegs verlie\u00df Kraus \u00d6sterreich und arbeitete zehn Jahre in S\u00fcdamerika, wo er in Argentinien, Chile und Brasilien mikrobiologische Arbeiten durchf\u00fchrte. In dieser Zeit wirkte er als Direktor des Bakteriologisch-Serotherapeutischen Instituts in Buenos Aires und des Bakteriologischen Instituts in Santiago de Chile. Nach seiner R\u00fcckkehr nach Wien (1923) setzte seine Arbeit am Serotherapeutischen Institut fort.<\/span><\/p>\n<p><strong><span style=\"color: #000000;\">Winter Joseph <\/span><\/strong><span style=\"color: #000000;\">(*2. 2.1857 Wien, + 6.7.1916 Wien), Mediziner und Schriftsteller. Er studierte an der Medizinischen Fakult\u00e4t der Universit\u00e4t Wien, wo er 1881 promovierte. Er arbeitete zun\u00e4chst als Operateur an der Universit\u00e4tsklinik in Wien, schlie\u00dflich als Arzt f\u00fcr Allgemeinmedizin. 1914 wurde er als Stabsarzt in den Adelsstand erhoben. <\/span><\/p>\n<p><span style=\"color: #000000;\">Die ersten Erfahrungen der Milit\u00e4r\u00e4rzte mit diesen Laboratorien \u2013 vor allem am Kriegsschauplatz am Balkan in den ersten Kriegsmonaten 1914\/15 \u2013 publizierte der Stabsarzt <\/span><strong><span style=\"color: #000000;\">Maximilian Richter<\/span><\/strong><span style=\"color: #000000;\">: <\/span><em><span style=\"color: #000000;\">Die Kriegsseuchenbek\u00e4mpfung in unserer Armee<\/span><\/em><span style=\"color: #000000;\">, in: Der Milit\u00e4rarzt, Nr. 1, 9.1.1915, S. 3-5<\/span><\/p>\n<p><a href=\"http:\/\/anno.onb.ac.at\/cgi-content\/anno-plus?aid=dma&amp;datum=1915&amp;page=8&amp;size=45\"><span style=\"color: #0000ff;\">http:\/\/anno.onb.ac.at\/cgi-content\/anno-plus?aid=dma&amp;datum=1915&amp;page=8&amp;size=45<\/span><\/a><\/p>\n<p><span style=\"color: #000000;\">Ab 1915 publizierten immer h\u00e4ufiger Milit\u00e4r\u00e4rzte aus den Kriegsspit\u00e4lern, Feldlazaretten oder direkt von der Front zum Thema Kriegsseuchen. Darunter: <\/span><\/p>\n<p><span style=\"color: #000000;\">Von <\/span><strong><span style=\"color: #000000;\">Karl R\u00f6sler<\/span><\/strong><span style=\"color: #000000;\">, Regimentsarzt und Kommandanten des k.u.k. Epidemiespital in Troppau wurde im J\u00e4nner 1915 der Aufsatz: <\/span><em><span style=\"color: #000000;\">Ein Beitrag zur Cholerabehandlung<\/span><\/em><span style=\"color: #000000;\">, in: Der Milit\u00e4rarzt, Nr. 1, 9.1.1915, S. 3-5, ver\u00f6ffentlicht<\/span><\/p>\n<p><a href=\"http:\/\/anno.onb.ac.at\/cgi-content\/anno-plus?aid=dma&amp;datum=1915&amp;page=11&amp;size=45\"><span style=\"color: #0000ff;\">http:\/\/anno.onb.ac.at\/cgi-content\/anno-plus?aid=dma&amp;datum=1915&amp;page=11&amp;size=45<\/span><\/a><\/p>\n<p><strong><span style=\"color: #000000;\">Wilhelm Raschofszky<\/span><\/strong><span style=\"color: #000000;\">, Abteilungschefarzt im Garnisonspital Nr. 2 in Wien, ver\u00f6ffentlichte im Juli 1914 den Artikel: <\/span><em><span style=\"color: #000000;\">Die Tuberkulose im Heer und ihre Behandlung<\/span><\/em><span style=\"color: #000000;\">, in: Der Milit\u00e4rarzt, Nr. 13, 25.7.1914, S. 281-282. <\/span><\/p>\n<p><a href=\"http:\/\/anno.onb.ac.at\/cgi-content\/anno-plus?aid=dma&amp;datum=1914&amp;size=45&amp;page=147\"><span style=\"color: #0000ff;\">http:\/\/anno.onb.ac.at\/cgi-content\/anno-plus?aid=dma&amp;datum=1914&amp;size=45&amp;page=147<\/span><\/a><\/p>\n<p><strong><span style=\"color: #000000;\">Emil Glas<\/span><\/strong><span style=\"color: #000000;\"> ver\u00f6ffentlichte 1915 einen Aufsatz zur: <\/span><em><span style=\"color: #000000;\">Cholera im Frontbereich, Einige Randglossen zur Prophylaxe<\/span><\/em><span style=\"color: #000000;\">, in: Der Milit\u00e4rarzt, Nr. 3, 13.2.1915, S. 46-50.<\/span><\/p>\n<p><a href=\"http:\/\/anno.onb.ac.at\/cgi-content\/anno-plus?aid=dma&amp;datum=1915&amp;page=29&amp;size=45\"><span style=\"color: #0000ff;\">http:\/\/anno.onb.ac.at\/cgi-content\/anno-plus?aid=dma&amp;datum=1915&amp;page=29&amp;size=45<\/span><\/a><\/p>\n<p><strong><span style=\"color: #000000;\">Glas Emil<\/span><\/strong><span style=\"color: #000000;\"> (*14.03.1877 Wien, +19.05.1958 New York\/USA) HNO, (Promotion 1901 in Wien, Habilitation: 1910 in Wien). Seit 1920 Prof. am Karolinen-Kinderspital in Wien und Facharzt der Genossenschaften der Krankenkassen. Er fl\u00fcchtete nach dem M\u00e4rz 1938 vor den Nationalsozialistischen in die USA.<br \/>\nSiehe auch: <\/span><a href=\"https:\/\/ub-blog.meduniwien.ac.at\/blog\/?p=627\"><span style=\"color: #0000ff;\">https:\/\/ub-blog.meduniwien.ac.at\/blog\/?p=627<\/span><\/a><\/p>\n<p><span style=\"color: #000000;\">Text: Walter Mentzel<\/span><\/p>\n<p style=\"text-align: left;\" align=\"LEFT\">&#8212;&#8212;&#8212;&#8212;&#8212;&#8212;&#8212;&#8212;&#8212;&#8212;&#8212;&#8212;&#8212;&#8212;&#8212;&#8212;&#8212;&#8211;<\/p>\n<p><a href=\"https:\/\/ub-blog.meduniwien.ac.at\/blog\/?cat=1153\">&#8222;1. Weltkrieg &amp; Medizin&#8220; &#8211;&gt;alle Beitr\u00e4ge<\/a><\/p>\n","protected":false},"excerpt":{"rendered":"<p>&#8222;Weltkrieg &amp; Medizin&#8220;: Kriegsseuchen im Ersten Weltkrieg: Teil 1 Die Seuchen- und Infektionsgefahren waren in den milit\u00e4rischen Konflikten des 19. Jahrhundert eine immense Bedrohung f\u00fcr die immer gr\u00f6\u00dfer werdenden Massenheere: Sie stellten zusehends die Aufrechterhaltung und Verf\u00fcgbarkeit der milit\u00e4rischen Kapazit\u00e4ten in Frage; sie bedrohten aber auch die Zivilbev\u00f6lkerung und damit den reibungslosen Ablauf der Kriegswirtschaft. &hellip; <a href=\"https:\/\/ub.meduniwien.ac.at\/blog\/?p=22237\" class=\"more-link\"><span class=\"screen-reader-text\">&#8222;1. Weltkrieg &#038; Medizin&#8220; [19]: Kriegsseuchen im Ersten Weltkrieg: Teil 1<\/span> weiterlesen <span class=\"meta-nav\">&rarr;<\/span><\/a><\/p>\n","protected":false},"author":2,"featured_media":0,"comment_status":"open","ping_status":"open","sticky":false,"template":"","format":"standard","meta":{"ngg_post_thumbnail":0,"footnotes":""},"categories":[1153,1,24,11,5,2],"tags":[1172,1171,1169,1187,62,1170,1186,1164],"class_list":["post-22237","post","type-post","status-publish","format-standard","hentry","category-1-weltkrieg-medizin","category-allgemeines","category-books-journals","category-literaturhinweis","category-medizingeschichte","category-news","tag-1-wk","tag-1914-1916","tag-erster-weltkrieg","tag-institut-fur-neurologie","tag-medizin","tag-osterreich-ungarn","tag-otto-marburg","tag-sanitatswesen"],"views":43367,"_links":{"self":[{"href":"https:\/\/ub.meduniwien.ac.at\/blog\/index.php?rest_route=\/wp\/v2\/posts\/22237","targetHints":{"allow":["GET"]}}],"collection":[{"href":"https:\/\/ub.meduniwien.ac.at\/blog\/index.php?rest_route=\/wp\/v2\/posts"}],"about":[{"href":"https:\/\/ub.meduniwien.ac.at\/blog\/index.php?rest_route=\/wp\/v2\/types\/post"}],"author":[{"embeddable":true,"href":"https:\/\/ub.meduniwien.ac.at\/blog\/index.php?rest_route=\/wp\/v2\/users\/2"}],"replies":[{"embeddable":true,"href":"https:\/\/ub.meduniwien.ac.at\/blog\/index.php?rest_route=%2Fwp%2Fv2%2Fcomments&post=22237"}],"version-history":[{"count":10,"href":"https:\/\/ub.meduniwien.ac.at\/blog\/index.php?rest_route=\/wp\/v2\/posts\/22237\/revisions"}],"predecessor-version":[{"id":22240,"href":"https:\/\/ub.meduniwien.ac.at\/blog\/index.php?rest_route=\/wp\/v2\/posts\/22237\/revisions\/22240"}],"wp:attachment":[{"href":"https:\/\/ub.meduniwien.ac.at\/blog\/index.php?rest_route=%2Fwp%2Fv2%2Fmedia&parent=22237"}],"wp:term":[{"taxonomy":"category","embeddable":true,"href":"https:\/\/ub.meduniwien.ac.at\/blog\/index.php?rest_route=%2Fwp%2Fv2%2Fcategories&post=22237"},{"taxonomy":"post_tag","embeddable":true,"href":"https:\/\/ub.meduniwien.ac.at\/blog\/index.php?rest_route=%2Fwp%2Fv2%2Ftags&post=22237"}],"curies":[{"name":"wp","href":"https:\/\/api.w.org\/{rel}","templated":true}]}}