{"id":22075,"date":"2015-01-07T18:00:39","date_gmt":"2015-01-07T17:00:39","guid":{"rendered":"https:\/\/ub-blog.meduniwien.ac.at\/blog\/?p=22075"},"modified":"2016-01-30T15:30:43","modified_gmt":"2016-01-30T14:30:43","slug":"fort-und-weiterbildung-von-mitarbeiterinnen-der-meduni-wien-2014","status":"publish","type":"post","link":"https:\/\/ub.meduniwien.ac.at\/blog\/?p=22075","title":{"rendered":"Fort- und Weiterbildung von MitarbeiterInnen der MedUni Wien 2014"},"content":{"rendered":"<p><strong>Aktivit\u00e4ten der Fort- und Weiterbildung sowie nationaler und internationaler Kooperation in den Monaten J\u00e4nner &#8211; Dezember 2014<\/strong><\/p>\n<p><strong>J\u00e4nner 2014<\/strong><\/p>\n<ol>21. J\u00e4nner 2014<br \/>\n<em>Informationsethik: Information als Ware und Gemeingut<\/em>, <a href=\"http:\/\/www.onb.ac.at\/brainpool\/\">Brain Pool<\/a>, <a href=\"http:\/\/www.onb.ac.at\/\">\u00d6sterreichische Nationalbibliothek<\/a><\/p>\n<p>30. J\u00e4nner 2014<br \/>\n&#8222;<em>Kompetenzentwicklung in der Lehre &#8211; Beitr\u00e4ge zu Innovation, Exzellenz und Qualit\u00e4t in der universit\u00e4ren Lehre<\/em>&#8222;, Stabsstelle Personalentwicklung, Med Uni Wien\n<\/ol>\n<p><strong>Februar 2014<\/strong><\/p>\n<ol>26 Februar 2014<br \/>\nSitzung des <a href=\"http:\/\/www.ubifo.at\">Forums Universit\u00e4tsbibliotheken \u00d6sterreichs<\/a>, <a href=\"http:\/\/bibliothek.univie.ac.at\/\">Universit\u00e4t Wien<\/a><br \/>\n<!--more--><\/p>\n<p>27. Februar 2014<br \/>\n<a href=\"http:\/\/www.ubifo.at\">ubifo<\/a><br \/>\nSeminar: <em>&#8222;Beschaffungsprozesse f\u00fcr Bibliotheken \/ Vergaberecht&#8220;<\/em>, BMWF, Freyung 3, Wien [8]<\/ol>\n<p><strong>M\u00e4rz 2014<\/strong><\/p>\n<ol>4.\/5. M\u00e4rz 2014<br \/>\n<em>Umgang mit schwierigen BenutzerInnen<\/em>, <a href=\"http:\/\/www.onb.ac.at\/brainpool\/\">Brain Pool<\/a>, <a href=\"http:\/\/www.onb.ac.at\/\">\u00d6sterreichische Nationalbibliothek<\/a><\/p>\n<p>6. M\u00e4rz 2014<br \/>\nSitzung der Kooperation E-Medien \u00d6sterreich (<a href=\"http:\/\/www.konsortien.at\/\">KEM\u00d6<\/a>), <a href=\"http:\/\/www.ub.tuwien.ac.at\/\">UB Technische Universit\u00e4t Wien<\/a><\/p>\n<p>26. M\u00e4rz 2014<br \/>\nGeneralversammlung des Hochschulraumstrukturmittelprojektes <a href=\"http:\/\/www.e-infrastructures.at\/\">E-Infrastructures Austria<\/a> (ubifo), <a href=\"http:\/\/bibliothek.univie.ac.at\/zb-physik-fb-chemie\/\">\u00d6sterreichische Zentralbibliothek f\u00fcr Physik \/ Universit\u00e4t Wien<\/a>\n<\/ol>\n<p><strong>April 2014<\/strong><\/p>\n<ol>3. April 2014<br \/>\n<em>Alte Schriften lesen und verstehen<\/em>, <a href=\"http:\/\/www.onb.ac.at\/brainpool\/\">Brain Pool<\/a>, <a href=\"http:\/\/www.onb.ac.at\/\">\u00d6sterreichische Nationalbibliothek<\/a> [2]<\/p>\n<p>4. April 2014<br \/>\nTreffen der G16 Arbeitsgruppe E-Zeitschriften, <a href=\"http:\/\/www.uni-salzburg.at\/\">Universit\u00e4tsbibliothek Salzburg<\/a><\/p>\n<p>10.-11. April 2014<br \/>\n<a href=\"http:\/\/books2ebooks.eu\/eod2014\/&quot;\">EOD Conference 2014<\/a>: <em>&#8222;Sustaining the networked future: use und reuse of digital content&#8220;<\/em>, <a href=\"http:\/\/www.uibk.ac.at\/ulb\/\">Universit\u00e4ts- und Landesbibliothek Tirol<\/a><\/p>\n<p>23.-24. April 2014<br \/>\nDachela-Tagung, <a href=\"http:\/\/ub.uni-graz.at\/\">Universit\u00e4tsbibliothek Graz<\/a> [2]<\/p>\n<p>29. April 2014<br \/>\nSitzung der AG Strategische Planung im \u00d6sterreichischen Bibliothekenverbund, <a href=\"http:\/\/www.obvsg.at\/\">OBVSG<\/a>\n<\/ol>\n<p><strong>Mai 2014<\/strong><\/p>\n<ol>5. Mai 2014><br \/>\n<em>Zeitreise ins Alter &#8211; Alterserscheinungen selbst erfahren<\/em>, , Stabsstelle Personalentwicklung, Med Uni Wien<\/p>\n<p>6.-7. Mai 2014<br \/>\n<a href=\"http:\/\/www.obvsg.at\/wir-ueber-uns\/termine\/raw\/?tx_p2events_pi1%5Bdetail%5D=84\">28. Treffen der Systembibliothekarinnen und Systembibliothekare<\/a>, <a href=\"&quot;http:\/\/www.obvsg.at\/\">\u00d6sterreichischer Bibliothekenverbund<\/a>, <a href=\"http:\/\/vlb.vorarlberg.at\/home.html\">Vorarlbergische Landesbibliothek<\/a>, Bregenz [3]<\/p>\n<p>6. Mai 2014<br \/>\n&#8222;<em>Einf\u00fchrung in (Open) Linked Data \/ Linked Data in der Praxis<\/em>&#8222;, <a href=\"http:\/\/www.onb.ac.at\/brainpool\/\">Brain Pool<\/a>, <a href=\"http:\/\/www.onb.ac.at\/\">\u00d6sterreichische Nationalbibliothek<\/a> [2]<\/p>\n<p>7. Mai 2014<br \/>\n&#8222;<em>Killerphrasen knacken und gekonnt kontern<\/em>&#8222;, Stabsstelle Personalentwicklung, Med Uni Wien<\/p>\n<p>8. Mai 2014<br \/>\n&#8222;<em>E-Books: Erwerb, Lizenzen, Verwaltung<\/em>&#8222;, <a href=\"http:\/\/www.onb.ac.at\/brainpool\/\">Brain Pool<\/a>, <a href=\"http:\/\/www.onb.ac.at\/\">\u00d6sterreichische Nationalbibliothek<\/a> [2]<\/p>\n<p>8. Mai 2014<br \/>\n&#8222;<em>Zu privat? Oder was hat sexuelle Orientierung mit dem Arbeitsalltag zu tun<\/em>&#8222;, Stabsstelle Personalentwicklung, Med Uni Wien<\/p>\n<p>8. Mai 2014<br \/>\nSitzung des <a href=\"http:\/\/www.ubifo.at\">Forums Universit\u00e4tsbibliotheken \u00d6sterreichs<\/a> (ubifo), <a href=\"http:\/\/www.vetmeduni.ac.at\/\">Veterin\u00e4rmedizinische Universit\u00e4t Wien<\/a><\/p>\n<p>12. Mai 2014<br \/>\n1. Meeting von <a href=\"http:\/\/www.oana.at\/\">OANA<\/a> (Open Access Network Austria) AG Open Access Policy, <a href=\"https:\/\/ub.meduniwien.ac.at\">Universit\u00e4tsbibliothek der Medizinischen Universit\u00e4t Wien<\/a><\/p>\n<p>14. Mai 2014<br \/>\n&#8222;<em>English for Librarians 1<\/em>&#8222;, <a href=\"http:\/\/www.onb.ac.at\/brainpool\/\">Brain Pool<\/a>, <a href=\"http:\/\/www.onb.ac.at\/\">\u00d6sterreichische Nationalbibliothek<\/a> [2]<\/p>\n<p>14.-15. Mai 2014<br \/>\n&#8222;<em>Instrumente der thematischen Webrecherche<\/em>&#8222;, <a href=\"http:\/\/www.onb.ac.at\/brainpool\/\">Brain Pool<\/a>, <a href=\"http:\/\/www.onb.ac.at\/\">\u00d6sterreichische Nationalbibliothek<\/a> [3]<\/p>\n<p>14. Mai 2014<br \/>\n<a href=\"http:\/\/www.obvsg.at\/\">\u00d6sterreichischer Bibliothekenverbund<\/a>: Verbundtag, <a href=\"http:\/\/www.kug.ac.at\/\">Universit\u00e4t f\u00fcr Musik und darstellende Kunst Graz<\/a> [4]<\/p>\n<p>15. Mai 2014<br \/>\nVollversammlung des \u00d6sterreichischen Bibliothekenverbundes, <a href=\"http:\/\/www.kug.ac.at\/\">Universit\u00e4t f\u00fcr Musik und darstellende Kunst Graz<\/a><\/p>\n<p>16. Mai 2014<br \/>\nSitzung der AG E-Journals Vergaberecht, <a href=\"http:\/\/ub.uni-graz.at\/\">Universit\u00e4tsbibliothek Graz<\/a><\/p>\n<p>19. Mai 2014<br \/>\nSitzung von <a href=\"http:\/\/www.univie.ac.at\/voeb\/bibliothekswesen\/bam-austria\/\">BAM<\/a> (Bibliotheken Archive Museen \u00d6sterreichs), <a href=\"http:\/\/www.oesta.gv.at\/\">\u00d6sterreichisches Staatsarchiv<\/a><\/p>\n<p>20. Mai 2014<br \/>\n<a href=\"https:\/\/www.bvoe.at\/\">BV\u00d6<\/a> (B\u00fcchereiverband \u00d6sterreichs): <a href=\"http:\/\/kongress14.bvoe.at\/\">Internationaler Bibliothekskongress: Die Zukunft hat schon begonnen. Bibliotheken im Spannungsfeld neuer Herausforderungen<\/a>, <a href=\"http:\/\/www.messe.at\/\">Messe Wien<\/a><\/p>\n<p>22. Mai 2014<br \/>\nSitzung der Kooperation E-Medien \u00d6sterreich (<a href=\"http:\/\/www.konsortien.at\/\">KEM\u00d6<\/a>), <a href=\"http:\/\/www.obvsg.at\/\">OBVSG<\/a>\n<\/ol>\n<p><strong>Juni 2014<\/strong><\/p>\n<ol>11.-13. Juni 2014<br \/>\n<em>&#8222;SQL-Abfragen und Updates ausf\u00fchren &#8211; Basis&#8220;<\/em>, Wirtschaftsf\u00f6rderungsinstitut der Wirtschaftskammer Wien<\/p>\n<p>12. Juni 2014<br \/>\nMeeting von <a href=\"http:\/\/www.oana.at\/\">OANA<\/a> (Open Access Network Austria), <a href=\"http:\/\/www.uniko.ac.at\/\">UNIKO<\/a><\/p>\n<p>26. Juni 2014<br \/>\nMeeting des Hochschulraumstrukturmittelprojektes: <em>Entwicklung und Umsetzung eines Beschaffungsprozesses f\u00fcr \u00f6sterreichische Universit\u00e4tsbibliotheken<\/em>, <a href=\"http:\/\/bibliothek.univie.ac.at\/zb-physik-fb-chemie\/\">\u00d6sterreichische Zentralbibliothek f\u00fcr Physik \/ Universit\u00e4t Wien<\/a><\/p>\n<p>26. Juni 2014<br \/>\nGeneralversammlung des Hochschulraumstrukturmittelprojektes <a href=\"http:\/\/www.e-infrastructures.at\/\">E-Infrastructures Austria<\/a> (ubifo), <a href=\"http:\/\/bibliothek.univie.ac.at\/zb-physik-fb-chemie\/\">\u00d6sterreichische Zentralbibliothek f\u00fcr Physik \/ Universit\u00e4t Wien<\/a>\n<\/ol>\n<p><strong>Juli 2014<\/strong><\/p>\n<ol>4. Juli 2014<br \/>\n2. Meeting von <a href=\"http:\/\/www.oana.at\/\">OANA<\/a> (Open Access Network Austria) AG Open Access Policy, <a href=\"http:\/\/www.ait.ac.at\/\">AIT Austrian Institute of Technology GmbH<\/a><\/p>\n<p>9. Juli 2014><br \/>\n<em>Typo3<\/em>, Stabsstelle Personalentwicklung, Med Uni Wien<\/ol>\n<p><strong>August 2014<\/strong><\/p>\n<ol>25., 28. August 2014 [und 1., 4., 8. und 11. September 2014]><br \/>\n<em>Medical English: Individual Coaching<\/em>, Stabsstelle Personalentwicklung MedUni Wien\n<\/ol>\n<ol>29. August 2014<br \/>\nExkursion an die <a href=\"http:\/\/www.uj.edu.pl\/uniwersytet\/biblioteki-i-archiwum\/jagiellonka\">Biblioteka Jagiello\u0144ska<\/a> der <a href=\"http:\/\/www.uj.edu.pl\/\">Jagiellionian University in Krakau<\/a>\n<\/ol>\n<p><strong>September 2014<\/strong><\/p>\n<ol>8.-9. September 2014<br \/>\n<a href=\"http:\/\/open-access.net\/at_de\/aktivitaeten\/open_access_tage\/programm\/\">Open Access Tage<\/a>, K\u00f6ln<\/p>\n<p>9. September 2014<br \/>\n<em>&#8222;Lernf\u00f6rderliche Bibliothekskurse und -f\u00fchrungen&#8220;<\/em>, <a href=\"http:\/\/www.onb.ac.at\/brainpool\/\">Brain Pool<\/a>, <a href=\"http:\/\/www.onb.ac.at\/\">\u00d6sterreichische Nationalbibliothek<\/a> [2]<\/p>\n<p>10. September 2014<br \/>\n<em>&#8222;Aktivierende und motivierende Methoden f\u00fcr Bibliothekskurse&#8220;<\/em>, <a href=\"http:\/\/www.onb.ac.at\/brainpool\/\">Brain Pool<\/a>, <a href=\"http:\/\/www.onb.ac.at\/\">\u00d6sterreichische Nationalbibliothek<\/a><\/p>\n<p>10. September 2014<br \/>\n&#8222;Semantische Dienste und Angebote im Web&#8220;, <a href=\"http:\/\/www.onb.ac.at\/brainpool\/\">Brain Pool<\/a>, <a href=\"http:\/\/www.onb.ac.at\/\">\u00d6sterreichische Nationalbibliothek<\/a> [2]<\/p>\n<p>11. September 2014<br \/>\n&#8222;Bibliotheksdatenpublikation und RDF \/ Linked Data&#8220;, <a href=\"http:\/\/www.onb.ac.at\/brainpool\/\">Brain Pool<\/a>, <a href=\"http:\/\/www.onb.ac.at\/\">\u00d6sterreichische Nationalbibliothek<\/a><\/p>\n<p>11. September 2014<br \/>\n&#8222;Formalerschlie\u00dfung und Linked Data &#8211; Perspektiven&#8220;, <a href=\"http:\/\/www.onb.ac.at\/brainpool\/\">Brain Pool<\/a>, <a href=\"http:\/\/www.onb.ac.at\/\">\u00d6sterreichische Nationalbibliothek<\/a> [2]<\/p>\n<p>14.-18. September 2014<br \/>\n<a href=\"http:\/\/igelu.org\/conferences\/2014-oxford\">IGeLU Conference 2014<\/a>, <a href=\"http:\/\/www.fu-berlin.de\/\">, <\/a><a href=\"http:\/\/www.bodleian.ox.ac.uk\/\">Bodleian Libraries<\/a><a href=\"http:\/\/www.fu-berlin.de\/\">, University Oxford, UK [2]<\/a><\/p>\n<p>15. September 2014<br \/>\nSitzung der Kooperation E-Medien \u00d6sterreich (<a href=\"http:\/\/www.konsortien.at\/\">KEM\u00d6<\/a>), <a href=\"http:\/\/www.fpcc.at\/\">Ferry Porsche Congress Center Zell am See<\/a><\/p>\n<p>16.-19. September 2014<br \/>\nTeilnahme an der <a href=\"http:\/\/www.odok.at\/2014\/de\/programm.htm\">ODOK 2014 &#8211; 15. \u00d6sterreichisches Online-Informationstreffen, 16. \u00d6sterreichischer Dokumentartag<\/a>, Motto: <em>&#8222;Innovationen in der Medienwelt&#8220;<\/em>, <a href=\"http:\/\/www.fpcc.at\/\">Ferry Porsche Congress Center Zell am See<\/a> [2]<\/p>\n<p>22.-24. September 2014<br \/>\n<a href=\"http:\/\/www.agmb.de\">Jahrestagung der Arbeitsgemeinschaft f\u00fcr Medizinisches Bibliothekswesen<\/a>, Motto: <a href=\"http:\/\/www.agmb.de\/papoopro\/index.php?menuid=129&amp;reporeid=176\">Medizinbibliotheken: Information2<\/a>, <a href=\"http:\/\/intra4x.umm.de\/index.php?id=287\">Universit\u00e4tsmedizin Mannheim<\/a><\/p>\n<p>26. September 2014<br \/>\nGeneralversammlung des Hochschulraumstrukturmittelprojektes <a href=\"http:\/\/www.e-infrastructures.at\/\">E-Infrastructures Austria<\/a> (ubifo), <a href=\"http:\/\/www.uni-salzburg.at\/\">Universit\u00e4tsbibliothek Salzburg<\/a><\/p>\n<p>30. September 2014<br \/>\n3. Meeting von <a href=\"http:\/\/www.oana.at\/\">OANA<\/a> (Open Access Network Austria) AG Open Access Policy, <a href=\"http:\/\/www.joanneum.at\/\">Graz<\/a>\n<\/ol>\n<p><strong>Oktober 2014<\/strong><\/p>\n<ol>7., 14., 28. Oktober 2014 [und 4., 11. November 2014]<br \/>\n<em>Business English<\/em>, Stabsstelle Personalentwicklung, Med Uni Wien<\/p>\n<p>13. Oktober 2014<br \/>\nTreffen der G16 Arbeitsgruppe Zeitschriften, <a href=\"http:\/\/ub.uni-graz.at\/\">Universit\u00e4tsbibliothek Graz<\/a><\/p>\n<p>13. Oktober 2014<br \/>\nWorkshop &#8222;<em>Visual Library&#8220;<\/em>&#8222;, <a href=\"http:\/\/ub.uni-graz.at\/\">Universit\u00e4tsbibliothek Graz<\/a><\/p>\n<p>22. Oktober 2014<br \/>\nSitzung des <a href=\"http:\/\/www.ubifo.at\">Forums Universit\u00e4tsbibliotheken \u00d6sterreichs<\/a> (ubifo), <a href=\"http:\/\/www.uni-salzburg.at\/\">Universit\u00e4tsbibliothek Salzburg<\/a><\/p>\n<p>27. Oktober 2014<br \/>\nTreffen der G16 Arbeitsgruppe Datenbanken, <a href=\"http:\/\/www.jku.at\/UB\/\">Universit\u00e4tsbibliothek Linz<\/a>\n<\/ol>\n<p><strong>November 2014<\/strong><\/p>\n<ol>3. November 2014<br \/>\nTeilnahme an der 23. Mitgliederversammlung von <a href=\"http:\/\/www.subito-doc.de\/index.php?\">subito. Dokumente aus Bibliotheken<\/a>, M\u00fcnchen<\/p>\n<p>4. November 2014<br \/>\n&#8222;<em>Was erwarten unsere BenutzerInnen? Methoden zur Erhebung von (Informations-)Bed\u00fcrfnissen und W\u00fcnschen<\/em>&#8222;, <a href=\"http:\/\/www.onb.ac.at\/brainpool\/\">Brain Pool<\/a>, <a href=\"http:\/\/www.onb.ac.at\/\">\u00d6sterreichische Nationalbibliothek<\/a><\/p>\n<p>5. November 2014<br \/>\n&#8222;<em>Bewusst gesund@MedUni Wien: Ausdauer, Kraft und Sensomotorik &#8211; das Training mit &#8222;Smovey<\/em>&#8220; macht&#8217;s m\u00f6glich&#8220;, Stabsstelle Personalentwicklung, Med Uni Wien<\/p>\n<p>11.-12. November 2014<br \/>\n<a href=\"http:\/\/www.obvsg.at\/wir-ueber-uns\/termine\/raw\/?tx_p2events_pi1%5Bdetail%5D=89\">29. Treffen der Systembibliothekarinnen und Systembibliothekare<\/a>, <a href=\"&quot;http:\/\/www.obvsg.at\/\">\u00d6sterreichischer Bibliothekenverbund<\/a>, <a href=\"http:\/\/www.wu.ac.at\/start\/services\/library\">Wirtschaftsuniversit\u00e4t Wien<\/a> [3]<\/p>\n<p>13. November 2014<br \/>\nWorkshop &#8222;<em>Legal &amp; Ethical Issues (Hochschulschriften)<\/em>&#8222;, <a href=\"http:\/\/www.jku.at\/UB\/\">Universit\u00e4tsbibliothek Linz<\/a><\/p>\n<p>17. November 2014<br \/>\nMeeting von <a href=\"http:\/\/www.oana.at\/\">OANA<\/a> (Open Access Network Austria), <a href=\"https:\/\/www.fwf.ac.at\/\">FWF<\/a><\/p>\n<p>19.\/20. November 2014<br \/>\nTeilnahme am Herausgebertreffen von German Medical Science, <a href=\"https:\/\/www.dimdi.de\/static\/de\/index.html\">DIMDI<\/a> K\u00f6ln<\/p>\n<p>20. November 2014<br \/>\n&#8222;<em>Urheberrecht<\/em>&#8222;, <a href=\"http:\/\/www.onb.ac.at\/brainpool\/\">Brain Pool<\/a>, <a href=\"http:\/\/www.onb.ac.at\/\">\u00d6sterreichische Nationalbibliothek<\/a> [2]<\/p>\n<p>25. November 2014<br \/>\n<em>&#8222;Abschied von der Privatsph\u00e4re&#8220;<\/em>, <a href=\"http:\/\/www.onb.ac.at\/brainpool\/\">Brain Pool<\/a>, <a href=\"http:\/\/www.onb.ac.at\/\">\u00d6sterreichische Nationalbibliothek<\/a>\n<\/ol>\n<p><strong>Dezember 2014<\/strong><\/p>\n<ol>1. Dezember 2014<br \/>\n1. Forum Informationskompetenz: <em> &#8222;Themenschwerpunkt Herausforderung Vorwissenschaftliche Arbeit&#8220;<\/em>, <a href=\"http:\/\/www.informationskompetenz.or.at\">Informationskompetenz: Portal der Kommission Informationskompetenz in \u00d6sterreich<\/a>,Universit\u00e4tsbibliothek Salzburg [3]<\/p>\n<p>1. Dezember 2014<br \/>\n4. Meeting von <a href=\"http:\/\/www.oana.at\/\">OANA<\/a> (Open Access Network Austria) AG Open Access Policy, <a href=\"https:\/\/ub.meduniwien.ac.at\">Universit\u00e4tsbibliothek der Medizinischen Universit\u00e4t Wien<\/a><\/p>\n<p>2.\/3. Dezember 2014<br \/>\n&#8222;<em>Formalerschlie\u00dfung von Periodika<\/em>&#8222;, <a href=\"http:\/\/www.onb.ac.at\/brainpool\/\">Brain Pool<\/a>, <a href=\"http:\/\/www.onb.ac.at\/\">\u00d6sterreichische Nationalbibliothek<\/a> [3]<\/p>\n<p>4. Dezember 2014<br \/>\n&#8222;<em>Urheberrecht<\/em>&#8222;, <a href=\"http:\/\/www.onb.ac.at\/brainpool\/\">Brain Pool<\/a>, <a href=\"http:\/\/www.onb.ac.at\/\">\u00d6sterreichische Nationalbibliothek<\/a><\/p>\n<p>15. Dezember 2014<br \/>\nSitzung der Kooperation E-Medien \u00d6sterreich (<a href=\"http:\/\/www.konsortien.at\/\">KEM\u00d6<\/a>), <a href=\"http:\/\/www.obvsg.at\/\">OBVSG<\/a><\/p>\n<p>****************************************************************************************<\/p>\n<p>Zwischen Oktober 2013 und September 2014 hat Judith D\u00f6gl am <a href=\"http:\/\/www.onb.ac.at\/ausbildung\/universitaetslehrgang.htm\">Universit\u00e4tslehrgang Library and Information Sciences<\/a> \/ Grundlehrgang der \u00d6sterreichischen Nationalbibliothek teilgenommen und die Ausbildung erfolgreich als <em>akademische Informationsexpertinnen<\/em> abgeschlossen.<\/p>\n<p>****************************************************************************************<\/p>\n<p><em>Fort- und Weiterbildung der Mitarbeiterinnen und Mitarbeiter sowie die aktive Beteiligung in nationalen und internationalen Fachgremien sind wesentliche Kriterien f\u00fcr die positive Weiterentwicklung von Bibliotheken. Um transparent zu machen, wie die Universit\u00e4tsbibliothek der Med Uni Wien diesem Anspruch gerecht zu werden versucht, werden die entsprechenden Ma\u00dfnahmen einmal j\u00e4hrlich im Weblog ver\u00f6ffentlicht.<\/em><\/p>\n<p><a href=\"https:\/\/ub-blog.meduniwien.ac.at\/blog\/?p=159\">Fort- und Weiterbildung von MitarbeiterInnen der Ub Med Uni Wien 2007<\/a><br \/>\n(8. Mai 2007)<br \/>\n<a href=\"https:\/\/ub-blog.meduniwien.ac.at\/blog\/?p=214\">Fort- und Weiterbildung von MitarbeiterInnen der Ub Med Uni Wien II\/2007<\/a><br \/>\n(5. Juli 2007)<br \/>\n<a href=\"https:\/\/ub-blog.meduniwien.ac.at\/blog\/?p=358\">Fort- und Weiterbildung von MitarbeiterInnen der Ub Med Uni Wien III\/2007<\/a><br \/>\n(1. Oktober 2007)<br \/>\n<a href=\"https:\/\/ub-blog.meduniwien.ac.at\/blog\/?p=516\">Fort- und Weiterbildung von MitarbeiterInnen der Ub Med Uni Wien IV\/2007<\/a><br \/>\n(2. Januar 2008)<br \/>\n<a href=\"https:\/\/ub-blog.meduniwien.ac.at\/blog\/?p=871\">Fort- und Weiterbildung von MitarbeiterInnen der Ub Med Uni Wien I\/2008<\/a><br \/>\n(1. April 2008)<br \/>\n<a href=\"https:\/\/ub-blog.meduniwien.ac.at\/blog\/?p=1013\">Fort- und Weiterbildung von MitarbeiterInnen der Ub Med Uni Wien II\/2008<\/a><br \/>\n(4. Juli 2008)><br \/>\n<a href=\"https:\/\/ub-blog.meduniwien.ac.at\/blog\/?p=1168\">Fort- und Weiterbildung von MitarbeiterInnen der Ub Med Uni Wien III\/2008<\/a><br \/>\n(1. Oktober 2008)<br \/>\n<a href=\"https:\/\/ub-blog.meduniwien.ac.at\/blog\/?p=1364\">Fort- und Weiterbildung von MitarbeiterInnen der Ub Med Uni Wien IV\/2008<\/a><br \/>\n(4. Januar 2009)><br \/>\n<a href=\"https:\/\/ub-blog.meduniwien.ac.at\/blog\/?p=1489\">Fort- und Weiterbildung von MitarbeiterInnen der Ub Med Uni Wien I\/2009<\/a><br \/>\n(7. April 2009)<br \/>\n<a href=\"https:\/\/ub-blog.meduniwien.ac.at\/blog\/?p=1760\">Fort- und Weiterbildung von MitarbeiterInnen der Ub Med Uni Wien II\/2009<\/a><br \/>\n(1. Juli 2009)<br \/>\n<a href=\"https:\/\/ub-blog.meduniwien.ac.at\/blog\/?p=2557\">Fort- und Weiterbildung von MitarbeiterInnen der Ub Med Uni Wien III\/2009<\/a><br \/>\n(5. Oktober 2009)<br \/>\n<a href=\"https:\/\/ub-blog.meduniwien.ac.at\/blog\/?p=3435\">Fort- und Weiterbildung von MitarbeiterInnen der Ub Med Uni Wien IV\/2010<\/a><br \/>\n(7. Januar 2010)<br \/>\n<a href=\"https:\/\/ub-blog.meduniwien.ac.at\/blog\/?p=4494\">Fort- und Weiterbildung von MitarbeiterInnen der Ub Med Uni Wien I\/2010<\/a><br \/>\n(1. April 2010)<br \/>\n<a href=\"https:\/\/ub-blog.meduniwien.ac.at\/blog\/?p=5913\">Fort- und Weiterbildung von MitarbeiterInnen der Ub Med Uni Wien II\/2010<\/a><br \/>\n(1. Juli 2010)<br \/>\n<a href=\"https:\/\/ub-blog.meduniwien.ac.at\/blog\/?p=6604\">Fort- und Weiterbildung von MitarbeiterInnen der UB Med Uni Wien III\/2010<\/a><br \/>\n(5. Oktober 2010)<br \/>\n<a href=\"https:\/\/ub-blog.meduniwien.ac.at\/blog\/?p=7581\">Fort- und Weiterbildung von MitarbeiterInnen der UB Med Uni Wien IV\/2010<\/a><br \/>\n(3. Januar 2011)<br \/>\n<a href=\"https:\/\/ub-blog.meduniwien.ac.at\/blog\/?p=9889\">Fort- und Weiterbildung von MitarbeiterInnen der UB Med Uni Wien 2011<\/a><br \/>\n(20. Januar 2012)<br \/>\n<a href=\"https:\/\/ub-blog.meduniwien.ac.at\/blog\/?p=14182\">Fort- und Weiterbildung von MitarbeiterInnen der UB Med Uni Wien 2012<\/a><br \/>\n(4. Januar 2013)<br \/>\n<a href=\"https:\/\/ub-blog.meduniwien.ac.at\/blog\/?p=17452\">Fort- und Weiterbildung von MitarbeiterInnen der UB MedUni Wien 2013<\/a><br \/>\n(14. Januar 2014)<\/p>\n<p><img decoding=\"async\" src=\"https:\/\/ub-blog.meduniwien.ac.at\/blog\/wp-content\/uploads\/2007\/09\/swieten1d.jpg\" alt=\"swieten1d.jpg\" \/><br \/>\nBitte zitieren als<br \/>\nVAN SWIETEN BLOG: Informationen der Universit\u00e4tsbibliothek der Med Uni Wien,<br \/>\nNr. 22075 [7. J\u00e4nner 2014].<br \/>\nOnline unter der URL: https:\/\/ub-blog.meduniwien.ac.at\/blog\/?p=22075<\/p>\n","protected":false},"excerpt":{"rendered":"<p>Aktivit\u00e4ten der Fort- und Weiterbildung sowie nationaler und internationaler Kooperation in den Monaten J\u00e4nner &#8211; Dezember 2014 J\u00e4nner 2014 21. J\u00e4nner 2014 Informationsethik: Information als Ware und Gemeingut, Brain Pool, \u00d6sterreichische Nationalbibliothek 30. J\u00e4nner 2014 &#8222;Kompetenzentwicklung in der Lehre &#8211; Beitr\u00e4ge zu Innovation, Exzellenz und Qualit\u00e4t in der universit\u00e4ren Lehre&#8222;, Stabsstelle Personalentwicklung, Med Uni Wien &hellip; <a href=\"https:\/\/ub.meduniwien.ac.at\/blog\/?p=22075\" class=\"more-link\"><span class=\"screen-reader-text\">Fort- und Weiterbildung von MitarbeiterInnen der MedUni Wien 2014<\/span> weiterlesen <span class=\"meta-nav\">&rarr;<\/span><\/a><\/p>\n","protected":false},"author":2,"featured_media":0,"comment_status":"open","ping_status":"open","sticky":false,"template":"","format":"standard","meta":{"ngg_post_thumbnail":0,"footnotes":""},"categories":[2,16,42],"tags":[1190,1188],"class_list":["post-22075","post","type-post","status-publish","format-standard","hentry","category-news","category-news1","category-ub-med-uni-wien-intern","tag-fortbildung-an-der-ub-meduni-wien-2014","tag-weiterbildung-an-der-ub-meduni-wien-2014"],"views":31226,"_links":{"self":[{"href":"https:\/\/ub.meduniwien.ac.at\/blog\/index.php?rest_route=\/wp\/v2\/posts\/22075","targetHints":{"allow":["GET"]}}],"collection":[{"href":"https:\/\/ub.meduniwien.ac.at\/blog\/index.php?rest_route=\/wp\/v2\/posts"}],"about":[{"href":"https:\/\/ub.meduniwien.ac.at\/blog\/index.php?rest_route=\/wp\/v2\/types\/post"}],"author":[{"embeddable":true,"href":"https:\/\/ub.meduniwien.ac.at\/blog\/index.php?rest_route=\/wp\/v2\/users\/2"}],"replies":[{"embeddable":true,"href":"https:\/\/ub.meduniwien.ac.at\/blog\/index.php?rest_route=%2Fwp%2Fv2%2Fcomments&post=22075"}],"version-history":[{"count":42,"href":"https:\/\/ub.meduniwien.ac.at\/blog\/index.php?rest_route=\/wp\/v2\/posts\/22075\/revisions"}],"predecessor-version":[{"id":22077,"href":"https:\/\/ub.meduniwien.ac.at\/blog\/index.php?rest_route=\/wp\/v2\/posts\/22075\/revisions\/22077"}],"wp:attachment":[{"href":"https:\/\/ub.meduniwien.ac.at\/blog\/index.php?rest_route=%2Fwp%2Fv2%2Fmedia&parent=22075"}],"wp:term":[{"taxonomy":"category","embeddable":true,"href":"https:\/\/ub.meduniwien.ac.at\/blog\/index.php?rest_route=%2Fwp%2Fv2%2Fcategories&post=22075"},{"taxonomy":"post_tag","embeddable":true,"href":"https:\/\/ub.meduniwien.ac.at\/blog\/index.php?rest_route=%2Fwp%2Fv2%2Ftags&post=22075"}],"curies":[{"name":"wp","href":"https:\/\/api.w.org\/{rel}","templated":true}]}}