{"id":20830,"date":"2014-10-22T05:45:35","date_gmt":"2014-10-22T04:45:35","guid":{"rendered":"https:\/\/ub-blog.meduniwien.ac.at\/blog\/?p=20830"},"modified":"2014-11-19T09:16:31","modified_gmt":"2014-11-19T08:16:31","slug":"osterreich-liest-treffpunkt-bibliothek-ausstellung-1-weltkrieg-medizin-das-feldspitals-nr-214","status":"publish","type":"post","link":"https:\/\/ub.meduniwien.ac.at\/blog\/?p=20830","title":{"rendered":"&#8222;\u00d6sterreich liest. Treffpunkt Bibliothek&#8220; &#8211; Ausstellung &#8222;1. Weltkrieg &#038; Medizin &#8211; das Feldspital Nr. 2\/14&#8220; [14]"},"content":{"rendered":"<div id=\"stcpDiv\">\n<div id=\"stcpDiv\">\n<p><a href=\"http:\/\/www.oesterreichliest.at\/veranstaltungskalender?field_bundesland_termin_tid%5B%5D=1&amp;=Anwenden\"><img loading=\"lazy\" decoding=\"async\" class=\"alignnone size-full wp-image-20900\" title=\"Plakat-2014\" src=\"https:\/\/ub-blog.meduniwien.ac.at\/blog\/wp-content\/uploads\/2014\/10\/plakat-2014.jpg\" alt=\"\" width=\"155\" height=\"220\" \/><\/a><\/p>\n<p>Die Universit\u00e4tsbibliothek beteiligt sich auch heuer wieder an<\/p>\n<blockquote><p><strong>\u201e\u00d6sterreich liest. Treffpunkt Bibliothek\u201c<\/strong>,<\/p>\n<p>dem gr\u00f6\u00dften Literaturfestival des Landes.<\/p>\n<p>Wir laden Sie und Ihre Freunde herzlich zur<\/p>\n<p><strong>Ausstellung\u00a0 &#8222;1. Weltkrieg &amp; Medizin &#8211; das <strong>Feldspital Nr. 2\/14&#8243; <\/strong><\/strong>ein.<\/p>\n<p>Im <a href=\"http:\/\/ub.meduniwien.ac.at\/ueber-uns\/standorte\/lageplan-hauptbibliothek\/\">Lesesaal der Universit\u00e4tsbibliothek <\/a>k\u00f6nnen Sie\u00a0die<\/p>\n<p>Fotos\u00a0zum <strong>Feldspitals Nr. 2\/14 <\/strong>besichtigen.<\/p>\n<p>Dauer der Ausstellung: 22.10.2014 bis 18.02.2015,<\/p>\n<p><a href=\"http:\/\/ub.meduniwien.ac.at\/ueber-uns\/oeffnungszeiten\/\">zu den \u00d6ffnungszeiten der Universit\u00e4tsbibliothek<\/a><\/p><\/blockquote>\n<p><strong>Feldspitals Nr. 2\/14 und\u00a0Milit\u00e4rsanit\u00e4tswesens der k. u. k. Armee in Galizien 1914 \u2013 1916<\/strong><\/p>\n<\/div>\n<p><strong>\u2013 Fotografische Momentaufnahmen eines Offiziers<\/strong>.<\/p>\n<p>Feldspit\u00e4ler waren Teil der mobilen Sanit\u00e4tsanstalten in der k. u. k. Armee und hatten die Aufgabe, den verwundeten und erkrankten Soldaten eine erste spitalsgem\u00e4\u00dfe Pflege angedeihen zu lassen.<br \/>\nZu Beginn des Krieges wurden ungef\u00e4hr 160 Feldspit\u00e4ler aufgestellt, von denen insgesamt 15 sp\u00e4ter wieder aufgelassen und 5 in Kriegsgefangenschaft gerieten.<br \/>\nAusgew\u00e4hlte fotografische Aufnahmen des \u00a0<strong>Feldspitals Nr. 2\/14 <\/strong>aus einem Album mit 218 Fotos eines unbekannten Offiziers der k. u. k. Armee werden gezeigt. Ausschlie\u00dflich am nord\u00f6stlichen Kriegsschauplatz gegen Russland eingesetzt, bietet dieser uns durch seine Aufnahmen einen tieferen Einblick in die Organisation und den Betrieb eines solchen Spitals, dar\u00fcber hinaus des Sanit\u00e4tsbetriebes in der k- u.- k Armee. Das Spektrum seiner Schnappsch\u00fcsse reicht dabei vom Transport der Verwundeten von der Front zum Feldspital und deren Abtransport mit Eisenbahn und Schiff ins Hinterland bis zu Bildern von Soldaten mit schweren Kopfverletzungen, von Operationen und Operierten und deren Betreuung in den Krankenzimmern. Zahlreiche Fotos aus dem Alltagsleben im Spitalsbetrieb als auch einige Gruppenaufnahmen, auf denen das Personal abgebildet ist, erg\u00e4nzen seine Fotosammlung. Oft sieht man auch Schnappsch\u00fcsse, die das Feldspital \u201ein Bewegung\u201c zu seinem jeweils neuen Einsatzort zeigen, darunter etwa Abbildungen von zerst\u00f6rten D\u00f6rfern, \u00dcberquerungen von Fl\u00fcssen \u00fcber Behelfsbr\u00fccken und Begegnungen mit deutschen Soldaten und gefangenen Russen.<\/p>\n<p>Veranstaltungstipp: <a href=\"https:\/\/ub-blog.meduniwien.ac.at\/blog\/?p=20863\">\u201cBlatt f\u00fcr Blatt \u2013 die Sch\u00e4tze der Josephinischen Bibliothek\u201d<br \/>\n<\/a><br \/>\n<a href=\"http:\/\/www.oesterreichliest.at\/veranstaltungskalender?field_bundesland_termin_tid%5B%5D=1&amp;=Anwenden\">Veranstaltungskalender&#8211;&gt;<\/a><\/p>\n<\/div>\n","protected":false},"excerpt":{"rendered":"<p>Die Universit\u00e4tsbibliothek beteiligt sich auch heuer wieder an \u201e\u00d6sterreich liest. Treffpunkt Bibliothek\u201c, dem gr\u00f6\u00dften Literaturfestival des Landes. Wir laden Sie und Ihre Freunde herzlich zur Ausstellung\u00a0 &#8222;1. Weltkrieg &amp; Medizin &#8211; das Feldspital Nr. 2\/14&#8243; ein. Im Lesesaal der Universit\u00e4tsbibliothek k\u00f6nnen Sie\u00a0die Fotos\u00a0zum Feldspitals Nr. 2\/14 besichtigen. Dauer der Ausstellung: 22.10.2014 bis 18.02.2015, zu den &hellip; <a href=\"https:\/\/ub.meduniwien.ac.at\/blog\/?p=20830\" class=\"more-link\"><span class=\"screen-reader-text\">&#8222;\u00d6sterreich liest. Treffpunkt Bibliothek&#8220; &#8211; Ausstellung &#8222;1. Weltkrieg &#038; Medizin &#8211; das Feldspital Nr. 2\/14&#8220; [14]<\/span> weiterlesen <span class=\"meta-nav\">&rarr;<\/span><\/a><\/p>\n","protected":false},"author":2,"featured_media":0,"comment_status":"open","ping_status":"open","sticky":false,"template":"","format":"standard","meta":{"ngg_post_thumbnail":0,"footnotes":""},"categories":[1153,5,2,13],"tags":[1154,115,1161,1175,1176,62,279],"class_list":["post-20830","post","type-post","status-publish","format-standard","hentry","category-1-weltkrieg-medizin","category-medizingeschichte","category-news","category-veranstaltungen","tag-1-weltkrieg","tag-ausstellung","tag-feldspital","tag-fotos","tag-images","tag-medizin","tag-osterreich-liest-treffpunkt-bibliothek"],"views":46067,"_links":{"self":[{"href":"https:\/\/ub.meduniwien.ac.at\/blog\/index.php?rest_route=\/wp\/v2\/posts\/20830","targetHints":{"allow":["GET"]}}],"collection":[{"href":"https:\/\/ub.meduniwien.ac.at\/blog\/index.php?rest_route=\/wp\/v2\/posts"}],"about":[{"href":"https:\/\/ub.meduniwien.ac.at\/blog\/index.php?rest_route=\/wp\/v2\/types\/post"}],"author":[{"embeddable":true,"href":"https:\/\/ub.meduniwien.ac.at\/blog\/index.php?rest_route=\/wp\/v2\/users\/2"}],"replies":[{"embeddable":true,"href":"https:\/\/ub.meduniwien.ac.at\/blog\/index.php?rest_route=%2Fwp%2Fv2%2Fcomments&post=20830"}],"version-history":[{"count":52,"href":"https:\/\/ub.meduniwien.ac.at\/blog\/index.php?rest_route=\/wp\/v2\/posts\/20830\/revisions"}],"predecessor-version":[{"id":21072,"href":"https:\/\/ub.meduniwien.ac.at\/blog\/index.php?rest_route=\/wp\/v2\/posts\/20830\/revisions\/21072"}],"wp:attachment":[{"href":"https:\/\/ub.meduniwien.ac.at\/blog\/index.php?rest_route=%2Fwp%2Fv2%2Fmedia&parent=20830"}],"wp:term":[{"taxonomy":"category","embeddable":true,"href":"https:\/\/ub.meduniwien.ac.at\/blog\/index.php?rest_route=%2Fwp%2Fv2%2Fcategories&post=20830"},{"taxonomy":"post_tag","embeddable":true,"href":"https:\/\/ub.meduniwien.ac.at\/blog\/index.php?rest_route=%2Fwp%2Fv2%2Ftags&post=20830"}],"curies":[{"name":"wp","href":"https:\/\/api.w.org\/{rel}","templated":true}]}}