{"id":19899,"date":"2014-08-20T01:13:22","date_gmt":"2014-08-20T00:13:22","guid":{"rendered":"https:\/\/ub-blog.meduniwien.ac.at\/blog\/?p=19899"},"modified":"2014-08-18T08:05:08","modified_gmt":"2014-08-18T07:05:08","slug":"1-weltkrieg-medizin-zum-personal-des-feldsanitatsdienstes-4","status":"publish","type":"post","link":"https:\/\/ub.meduniwien.ac.at\/blog\/?p=19899","title":{"rendered":"&#8222;1. Weltkrieg &#038; Medizin&#8220;: Zum Personal des Feldsanit\u00e4tsdienstes [4]"},"content":{"rendered":"<p><img loading=\"lazy\" decoding=\"async\" class=\"alignnone size-full wp-image-19874\" title=\"Feldspital10_M_Hartl\" src=\"https:\/\/ub-blog.meduniwien.ac.at\/blog\/wp-content\/uploads\/2014\/08\/Feldspital10_M_Hartl.jpg\" alt=\"\" width=\"450\" height=\"78\" srcset=\"https:\/\/ub.meduniwien.ac.at\/blog\/wp-content\/uploads\/2014\/08\/Feldspital10_M_Hartl.jpg 450w, https:\/\/ub.meduniwien.ac.at\/blog\/wp-content\/uploads\/2014\/08\/Feldspital10_M_Hartl-300x52.jpg 300w\" sizes=\"auto, (max-width: 450px) 100vw, 450px\" \/><\/p>\n<p><strong>Zum Personal des Feldsanit\u00e4tsdienstes<\/strong><\/p>\n<p>Dieses gliederte sich in das \u00e4rztliche Personal und das Sanit\u00e4ts-Hilfspersonal. Zu Ersterem geh\u00f6rten die Milit\u00e4r-, Landwehr- und Landsturm\u00e4rzte, die das milit\u00e4r\u00e4rztliche und landwehr\u00e4rztliche Offizierskorps bildeten. Zum Sanit\u00e4ts-Hilfspersonal geh\u00f6rten die Sanit\u00e4tsunteroffiziere, Blessierten- und Bandagentr\u00e4ger sowie die Abteilungen der Sanit\u00e4tstruppe bei den Feldsanit\u00e4tsanstalten.<br \/>\n(siehe Brigitte Biwald: Vom Helden zum Kr\u00fcppel. Das \u00f6sterreichisch-ungarische Milit\u00e4rsanit\u00e4tswesen und dessen Auswirkungen<br \/>\nauf die Gesellschaft im Ersten Weltkrieg. Diss. Univ. Wien 2000, S 79).<\/p>\n<p>Bei Kriegsbeginn standen etwa 1500 Berufsmilit\u00e4r\u00e4rzte des gemeinsamen Heeres, der Marine und beider Landwehren zur Verf\u00fcgung. Durch das allgemeine Aufgebot Anfang August 1914 wurden fast alle reserve- und landsturmpflichtigen \u00c4rzte einberufen. Obwohl sich viele Milit\u00e4r\u00e4rzte a. D. freiwillig meldeten, mussten im Laufe des Krieges auf immer \u00e4ltere Jahrg\u00e4nge zur\u00fcckgegriffen werden, auch auf solche, die nie beim Milit\u00e4r gedient hatten und als kriegsuntauglich galten.<\/p>\n<p>Hervorragende Zivil\u00e4rzte, z. B. ber\u00fchmte Operateure und Universit\u00e4tsprofessoren, wurden als Konsiliar\u00e4rzte verwendet und erhielten ausnahmsweise auch einen h\u00f6heren Dienstgrad (vom Stabsarzt aufw\u00e4rts). Auf den Dienstbetrieb durften sie jedoch keinen Einfluss nehmen. (siehe Johann Steiner: Der milit\u00e4r\u00e4rztliche Dienst des \u00f6sterreichisch-ungarischen Heeres w\u00e4hrend des Krieges im Hinterland und bei der Armee im Felde. In: Volksgesundheit im Krieg. Wien 1926, Teil I, S.78-107).<\/p>\n<p>Mangelte es im Laufe des Krieges immer wieder an \u00c4rzten in der k. u. k. Armee, so fehlte es nicht an Apothekern. Diese wurden nicht nur fachlich, sondern auch im administrativen Dienst in der Sanit\u00e4t eingesetzt. \u00dcber die Milit\u00e4rpharmazie im Ersten Weltkrieg lesen sie bitte Thomas Rehor: M\u00f6rser und Pastillen. Die k.u.k. Milit\u00e4rpharmazie im Ersten Weltkrieg<br \/>\n&#8211;&gt;<a href=\"http:\/\/othes.univie.ac.at\/13770\/1\/2011-03-16_8700094.pdf\">http:\/\/othes.univie.ac.at\/13770\/1\/2011-03-16_8700094.pdf<\/a><\/p>\n<p>Das Gros des Hilfspersonals in den milit\u00e4rischen Sanit\u00e4tsanstalten hatte jedoch die Sanit\u00e4tstruppe zur Verf\u00fcgung zu stellen. Als deren Erg\u00e4nzungsk\u00f6rper bestanden die Sanit\u00e4ts-Stammabteilungen, und zwar bei jedem Garnisonsspital eine.<\/p>\n<p>Als im Laufe des Krieges auch hier immer weniger geeignete Soldaten zur Verf\u00fcgung standen, sah sich die Heeresverwaltung gen\u00f6tigt, das Pflegerinnenwesen mehr und mehr auszugestalten. Dabei wurden im Sanit\u00e4tsdienst auch Krankenpflegerinnen eingesetzt, die das \u00f6sterreichische und ungarische Rote Kreuz nach Bildung von Zentralevidenzstellen an die Armee vermittelte.<\/p>\n<p>Zum Thema Frauen als Krankenpflegerinnen lesen sie bitte Franziska Salm-Reifferscheidt: Frauen in der Kriegskrankenpflege im Ersten Weltkrieg am Beispiel der Rotkreuzschwester Marianne Jarka<br \/>\n&#8211;&gt;<a href=\"http:\/\/othes.univie.ac.at\/8208\/1\/2010-01-13_0104971.pdf\">http:\/\/othes.univie.ac.at\/8208\/1\/2010-01-13_0104971.pdf<br \/>\n<\/a><br \/>\n<strong>Kommandant des Feldspitals 2\/14 war Dr. Kasimir Lukas Budzynski.<\/strong><\/p>\n<p>Als Sohn eines Gutsverwalters am 5. J\u00e4nner 1873 in Pilzno\/Polen geboren trat er im April 1895 in die Armee ein. Er verpflichtete sich zu einer zehnj\u00e4hrigen Dienstleistung und bekam vom Milit\u00e4r ein Stipendium f\u00fcr sein Medizinstudium in Krakau, wo er am 29. Juli 1899 zum Doktor der gesamten Heilkunde promovierte. Von 1900-1901 besuchte er als au\u00dferordentlicher H\u00f6rer die k. u. k. milit\u00e4r\u00e4rztliche Applicationsschule<em> [eine 1890 in Wien errichtete Bildungsanstalt, die den Aspiranten des milit\u00e4r\u00e4rztlichen Korps<\/em> <em> die f\u00fcr ihre besondere Berufst\u00e4tigkeit im Frieden und im Krieg erforderliche theoretische und praktische Ausbildung geben und<\/em> <em> deren an der Universit\u00e4t erworbene sachlichen Kenntnisse erweitern soll] <\/em>und diente in den folgenden Jahren bis zu seiner<br \/>\nVersetzung in den Reservestand 1906 in mehreren Armeespit\u00e4lern in Siebenb\u00fcrgen und zuletzt in Krakau.<\/p>\n<p>In seiner milit\u00e4rischen Beurteilung steht: \u201eBesitzt entsprechende administrative Kenntnisse, kennt den Sanit\u00e4tsdienst gen\u00fcgend, eignet sich zur selbstst\u00e4ndigen Leitung des Sanit\u00e4tsdienstes bei einem Truppenk\u00f6rper und l\u00e4sst die Bef\u00e4higung zur Kommandof\u00fchrung in einem Truppenspitale erhoffen.\u201c<\/p>\n<p>Bei Kriegsbeginn 1914 war sein standeszust\u00e4ndiger Truppenk\u00f6rper das Garnisonsspital Nr. 10 in Innsbruck. Ende August 1918 wurde er zum Kommandanten des Reservespitales im Meierhof D\u0119blin\/Polen (im K. u. K. Milit\u00e4rgeneralgouvernement Lublin<br \/>\n&#8211;&gt;<a href=\"http:\/\/de.wikipedia.org\/wiki\/Generalgouvernement_Lublin\">http:\/\/de.wikipedia.org\/wiki\/Generalgouvernement_Lublin<\/a>) ernannt.<\/p>\n<p>Zum Sanit\u00e4tswesen der k. u. k. Armee (Dienstgrade der \u00c4rzte, etc.) &#8211;&gt;<a href=\"http:\/\/de.wikipedia.org\/wiki\/Sanit%C3%A4tswesen_der_%C3%96sterreichisch-Ungarischen_Streitkr%C3%A4fte\">http:\/\/de.wikipedia.org<br \/>\n<\/a>\u00dcber die T\u00e4tigkeit der Feldgeistlichen siehe auch einen zeitgen\u00f6ssischen Artikel aus dem Jahre 1917: Das Wirken der Feldgeistlichkeit bei der Armee im Felde &#8211;&gt;<a href=\"http:\/\/anno.onb.ac.at\/cgi-content\/anno?aid=fdb&amp;datum=19170519&amp;seite=16&amp;zoom=33\">http:\/\/anno.onb.ac.at<\/a><\/p>\n<p>Reinhard Mundsch\u00fctz<\/p>\n<p><img loading=\"lazy\" decoding=\"async\" class=\"alignnone size-full wp-image-19924\" title=\"Personal2\" src=\"https:\/\/ub-blog.meduniwien.ac.at\/blog\/wp-content\/uploads\/2014\/08\/Personal2.jpg\" alt=\"\" width=\"450\" height=\"319\" srcset=\"https:\/\/ub.meduniwien.ac.at\/blog\/wp-content\/uploads\/2014\/08\/Personal2.jpg 450w, https:\/\/ub.meduniwien.ac.at\/blog\/wp-content\/uploads\/2014\/08\/Personal2-300x212.jpg 300w\" sizes=\"auto, (max-width: 450px) 100vw, 450px\" \/><br \/>\n<strong> Erster von rechts: Regimentsarzt 2. Klasse Kasimir Lukas Budzynski<\/strong><\/p>\n<p><img loading=\"lazy\" decoding=\"async\" class=\"alignnone size-full wp-image-19923\" title=\"Personal1\" src=\"https:\/\/ub-blog.meduniwien.ac.at\/blog\/wp-content\/uploads\/2014\/08\/Personal1.jpg\" alt=\"\" width=\"450\" height=\"240\" srcset=\"https:\/\/ub.meduniwien.ac.at\/blog\/wp-content\/uploads\/2014\/08\/Personal1.jpg 450w, https:\/\/ub.meduniwien.ac.at\/blog\/wp-content\/uploads\/2014\/08\/Personal1-300x160.jpg 300w\" sizes=\"auto, (max-width: 450px) 100vw, 450px\" \/><\/p>\n<p><img loading=\"lazy\" decoding=\"async\" class=\"alignnone size-full wp-image-19926\" title=\"Personal4\" src=\"https:\/\/ub-blog.meduniwien.ac.at\/blog\/wp-content\/uploads\/2014\/08\/Personal4.jpg\" alt=\"\" width=\"450\" height=\"359\" srcset=\"https:\/\/ub.meduniwien.ac.at\/blog\/wp-content\/uploads\/2014\/08\/Personal4.jpg 450w, https:\/\/ub.meduniwien.ac.at\/blog\/wp-content\/uploads\/2014\/08\/Personal4-300x239.jpg 300w\" sizes=\"auto, (max-width: 450px) 100vw, 450px\" \/><\/p>\n<p><img loading=\"lazy\" decoding=\"async\" class=\"alignnone size-full wp-image-19927\" title=\"Personal5\" src=\"https:\/\/ub-blog.meduniwien.ac.at\/blog\/wp-content\/uploads\/2014\/08\/Personal5.jpg\" alt=\"\" width=\"450\" height=\"254\" srcset=\"https:\/\/ub.meduniwien.ac.at\/blog\/wp-content\/uploads\/2014\/08\/Personal5.jpg 450w, https:\/\/ub.meduniwien.ac.at\/blog\/wp-content\/uploads\/2014\/08\/Personal5-300x169.jpg 300w\" sizes=\"auto, (max-width: 450px) 100vw, 450px\" \/><\/p>\n<p><img loading=\"lazy\" decoding=\"async\" class=\"alignnone size-full wp-image-19928\" title=\"Personal6\" src=\"https:\/\/ub-blog.meduniwien.ac.at\/blog\/wp-content\/uploads\/2014\/08\/Personal6.jpg\" alt=\"\" width=\"450\" height=\"266\" srcset=\"https:\/\/ub.meduniwien.ac.at\/blog\/wp-content\/uploads\/2014\/08\/Personal6.jpg 450w, https:\/\/ub.meduniwien.ac.at\/blog\/wp-content\/uploads\/2014\/08\/Personal6-300x177.jpg 300w\" sizes=\"auto, (max-width: 450px) 100vw, 450px\" \/><\/p>\n<p><img loading=\"lazy\" decoding=\"async\" class=\"alignnone size-full wp-image-19925\" title=\"Personal3\" src=\"https:\/\/ub-blog.meduniwien.ac.at\/blog\/wp-content\/uploads\/2014\/08\/Personal3.jpg\" alt=\"\" width=\"450\" height=\"289\" srcset=\"https:\/\/ub.meduniwien.ac.at\/blog\/wp-content\/uploads\/2014\/08\/Personal3.jpg 450w, https:\/\/ub.meduniwien.ac.at\/blog\/wp-content\/uploads\/2014\/08\/Personal3-300x192.jpg 300w\" sizes=\"auto, (max-width: 450px) 100vw, 450px\" \/><br \/>\n<strong>Rechts am Tisch: Der Feldkurat des Feldspitals<\/strong><\/p>\n<p><img loading=\"lazy\" decoding=\"async\" class=\"alignnone size-full wp-image-19929\" title=\"Personal7\" src=\"https:\/\/ub-blog.meduniwien.ac.at\/blog\/wp-content\/uploads\/2014\/08\/Personal7.jpg\" alt=\"\" width=\"450\" height=\"684\" srcset=\"https:\/\/ub.meduniwien.ac.at\/blog\/wp-content\/uploads\/2014\/08\/Personal7.jpg 450w, https:\/\/ub.meduniwien.ac.at\/blog\/wp-content\/uploads\/2014\/08\/Personal7-197x300.jpg 197w\" sizes=\"auto, (max-width: 450px) 100vw, 450px\" \/><\/p>\n<p><img loading=\"lazy\" decoding=\"async\" class=\"alignnone size-full wp-image-19930\" title=\"Personal8\" src=\"https:\/\/ub-blog.meduniwien.ac.at\/blog\/wp-content\/uploads\/2014\/08\/Personal8.jpg\" alt=\"\" width=\"450\" height=\"384\" srcset=\"https:\/\/ub.meduniwien.ac.at\/blog\/wp-content\/uploads\/2014\/08\/Personal8.jpg 450w, https:\/\/ub.meduniwien.ac.at\/blog\/wp-content\/uploads\/2014\/08\/Personal8-300x256.jpg 300w\" sizes=\"auto, (max-width: 450px) 100vw, 450px\" \/><br \/>\n<strong>Dritter von links: Regimentsarzt 2. Klasse Kasimir Lukas Budzynski<\/strong><\/p>\n<p><a href=\"https:\/\/ub-blog.meduniwien.ac.at\/blog\/?cat=1153\">&#8222;1. Weltkrieg &amp; Medizin&#8220; &#8211;&gt;alle Beitr\u00e4ge<\/a><\/p>\n<p>Bildnachweis:<br \/>\nDr. Reinhard Mundschuetz. Alle Rechte vorbehalten.<\/p>\n","protected":false},"excerpt":{"rendered":"<p>Zum Personal des Feldsanit\u00e4tsdienstes Dieses gliederte sich in das \u00e4rztliche Personal und das Sanit\u00e4ts-Hilfspersonal. Zu Ersterem geh\u00f6rten die Milit\u00e4r-, Landwehr- und Landsturm\u00e4rzte, die das milit\u00e4r\u00e4rztliche und landwehr\u00e4rztliche Offizierskorps bildeten. Zum Sanit\u00e4ts-Hilfspersonal geh\u00f6rten die Sanit\u00e4tsunteroffiziere, Blessierten- und Bandagentr\u00e4ger sowie die Abteilungen der Sanit\u00e4tstruppe bei den Feldsanit\u00e4tsanstalten. (siehe Brigitte Biwald: Vom Helden zum Kr\u00fcppel. Das \u00f6sterreichisch-ungarische Milit\u00e4rsanit\u00e4tswesen &hellip; <a href=\"https:\/\/ub.meduniwien.ac.at\/blog\/?p=19899\" class=\"more-link\"><span class=\"screen-reader-text\">&#8222;1. Weltkrieg &#038; Medizin&#8220;: Zum Personal des Feldsanit\u00e4tsdienstes [4]<\/span> weiterlesen <span class=\"meta-nav\">&rarr;<\/span><\/a><\/p>\n","protected":false},"author":2,"featured_media":0,"comment_status":"open","ping_status":"open","sticky":false,"template":"","format":"standard","meta":{"ngg_post_thumbnail":0,"footnotes":""},"categories":[1153,1,11,5,2,16],"tags":[1154,1166,1161,1157,1159,1165,1162,1160,1158,62,1167,1163,1164,1156],"class_list":["post-19899","post","type-post","status-publish","format-standard","hentry","category-1-weltkrieg-medizin","category-allgemeines","category-literaturhinweis","category-medizingeschichte","category-news","category-news1","tag-1-weltkrieg","tag-erster-weltkrieg-1914-1916","tag-feldspital","tag-first-world-war","tag-fotoalbum","tag-galizien","tag-k-u-k-armee","tag-krankenzimmer","tag-medicine","tag-medizin","tag-offizier","tag-ostfront","tag-sanitatswesen","tag-world-war-i"],"views":44657,"_links":{"self":[{"href":"https:\/\/ub.meduniwien.ac.at\/blog\/index.php?rest_route=\/wp\/v2\/posts\/19899","targetHints":{"allow":["GET"]}}],"collection":[{"href":"https:\/\/ub.meduniwien.ac.at\/blog\/index.php?rest_route=\/wp\/v2\/posts"}],"about":[{"href":"https:\/\/ub.meduniwien.ac.at\/blog\/index.php?rest_route=\/wp\/v2\/types\/post"}],"author":[{"embeddable":true,"href":"https:\/\/ub.meduniwien.ac.at\/blog\/index.php?rest_route=\/wp\/v2\/users\/2"}],"replies":[{"embeddable":true,"href":"https:\/\/ub.meduniwien.ac.at\/blog\/index.php?rest_route=%2Fwp%2Fv2%2Fcomments&post=19899"}],"version-history":[{"count":35,"href":"https:\/\/ub.meduniwien.ac.at\/blog\/index.php?rest_route=\/wp\/v2\/posts\/19899\/revisions"}],"predecessor-version":[{"id":19938,"href":"https:\/\/ub.meduniwien.ac.at\/blog\/index.php?rest_route=\/wp\/v2\/posts\/19899\/revisions\/19938"}],"wp:attachment":[{"href":"https:\/\/ub.meduniwien.ac.at\/blog\/index.php?rest_route=%2Fwp%2Fv2%2Fmedia&parent=19899"}],"wp:term":[{"taxonomy":"category","embeddable":true,"href":"https:\/\/ub.meduniwien.ac.at\/blog\/index.php?rest_route=%2Fwp%2Fv2%2Fcategories&post=19899"},{"taxonomy":"post_tag","embeddable":true,"href":"https:\/\/ub.meduniwien.ac.at\/blog\/index.php?rest_route=%2Fwp%2Fv2%2Ftags&post=19899"}],"curies":[{"name":"wp","href":"https:\/\/api.w.org\/{rel}","templated":true}]}}