{"id":19618,"date":"2014-08-06T01:46:38","date_gmt":"2014-08-06T00:46:38","guid":{"rendered":"https:\/\/ub-blog.meduniwien.ac.at\/blog\/?p=19618"},"modified":"2014-08-07T08:33:57","modified_gmt":"2014-08-07T07:33:57","slug":"2-beitrag-1-weltkrieg-medizin","status":"publish","type":"post","link":"https:\/\/ub.meduniwien.ac.at\/blog\/?p=19618","title":{"rendered":"&#8222;1. Weltkrieg &#038; Medizin&#8220;: Zur Geschichte des Feldspitals Nr. 2\/14 und des Milit\u00e4rsanit\u00e4tswesens der k. u. k. Armee in Galizien 1914 \u2013 1916 [2]"},"content":{"rendered":"<p><img loading=\"lazy\" decoding=\"async\" class=\"alignnone size-full wp-image-19874\" title=\"Feldspital10_M_Hartl\" src=\"https:\/\/ub-blog.meduniwien.ac.at\/blog\/wp-content\/uploads\/2014\/08\/Feldspital10_M_Hartl.jpg\" alt=\"\" width=\"450\" height=\"78\" srcset=\"https:\/\/ub.meduniwien.ac.at\/blog\/wp-content\/uploads\/2014\/08\/Feldspital10_M_Hartl.jpg 450w, https:\/\/ub.meduniwien.ac.at\/blog\/wp-content\/uploads\/2014\/08\/Feldspital10_M_Hartl-300x52.jpg 300w\" sizes=\"auto, (max-width: 450px) 100vw, 450px\" \/><\/p>\n<p><strong>Zur Geschichte des Feldspitals Nr. 2\/14 und des Milit\u00e4rsanit\u00e4tswesens der k. u. k. Armee in Galizien 1914 \u2013 1916<\/strong><\/p>\n<p><strong>\u2013 Fotografische Momentaufnahmen eines Offiziers<\/strong>.<\/p>\n<p>Feldspit\u00e4ler waren Teil der mobilen Sanit\u00e4tsanstalten in der k. u. k. Armee und hatten die Aufgabe, den verwundeten und erkrankten Soldaten eine erste spitalsgem\u00e4\u00dfe Pflege angedeihen zu lassen.<\/p>\n<p>Zu Beginn des Krieges wurden ungef\u00e4hr 160 Feldspit\u00e4ler aufgestellt, von denen insgesamt 15 sp\u00e4ter wieder aufgelassen und 5 in Kriegsgefangenschaft gerieten.<br \/>\ns. Brigitte Biwald: Vom Helden zum Kr\u00fcppel.<br \/>\nDas \u00f6sterreichisch-ungarische Milit\u00e4rsanit\u00e4tswesen und dessen Auswirkungen auf die Gesellschaft im Ersten Weltkrieg. Diss. Univ. Wien 2000, S 45.<\/p>\n<p>Der \u201eSchematismus f\u00fcr das k. u. k. Heer\u201c aus dem Jahre 1914 gibt Auskunft \u00fcber deren personelle und materielle Ausstattung:<\/p>\n<p>Feldspit\u00e4ler f\u00fcr 200 Kranke [Notbelag 300].<\/p>\n<p>Kommandant: 1 Stabs- oder Regimentsarzt (beritten), sonstiges Personal: 2 \u00c4rzte, 1 Geistlicher, 1 Rechnungsf\u00fchrer, 1 Medikamentenbeamter, dann eine Feldsanit\u00e4tsabteilung.<\/p>\n<p>Gliederung:<\/p>\n<blockquote><p>Spital:<\/p>\n<p>8 viersp\u00e4nnige Sanit\u00e4tspackwagen,<\/p>\n<p>1 viersp\u00e4nniger R\u00fcstwagen,<\/p>\n<p>1 zweisp\u00e4nniger Beiwagen,<\/p>\n<p>1 viersp\u00e4nniger Deckelwagen,<\/p>\n<p>1 zweisp\u00e4nnige Feldk\u00fcche,<\/p>\n<p>1 zweisp\u00e4nniger Personenwagen,<\/p>\n<p>5 zweisp\u00e4nnige Verpflegswagen (vom Lande, [d. h. requiriert]).<\/p>\n<p>Blessiertenwagenstaffel: 5 zweisp\u00e4nnige Blessiertenwagen.<\/p><\/blockquote>\n<p>Grunds\u00e4tzlich werden f\u00fcr jede Infanterietruppendivison [Durchschnittliche St\u00e4rke 16.000 Mann.] 3 Feldspit\u00e4ler gerechnet<\/p>\n<p>Die \u201eEtablierung\u201c eines Feldspitals im Krieg spielte sich folgenderma\u00dfen ab:<\/p>\n<p>Feldspit\u00e4ler hatten sich nach dem Befehl des Korps- oder Divisionskommandos, dem sie unterstellt waren, in oder nach den Aufstellungsorten der Divisions-Sanit\u00e4tsanstalten zu etablieren, und zwar zumeist erst dann, wenn auf einen g\u00fcnstigen Gefechtsausgang gerechnet werden konnte. Die Etablierungsorte wurden schon bei Beginn des Gefechtes durch die Korps-(Kolonnen) Sanit\u00e4tschefs erkundet. Nach Erhalt des Etablierungsbefehls ritt der Feldspitalskommandant zur Ermittlung von Geb\u00e4uden, Aufbringung und Sicherstellung von Material und Bettstellen aus. Ein Feldspital enthielt, wenn alles planm\u00e4\u00dfig verlief, ein Aufnahmezimmer, ein \u00e4rztliches Inspektionszimmer, einen Operationsraum, R\u00e4ume f\u00fcr Verwundete und Isolierr\u00e4ume f\u00fcr Infektionskranke und \u2013verd\u00e4chtige (siehe Brigitte Biwald: Vom Helden zum Kr\u00fcppel. Das \u00f6sterreichisch-ungarische Milit\u00e4rsanit\u00e4tswesen und dessen Auswirkungen auf die Gesellschaft im Ersten Weltkrieg. Diss. Univ. Wien 2000, S 45).<\/p>\n<p>Im Van Swieten Blog werden in w\u00f6chentlicher Abfolge bis Anfang Oktober 2014 ausgew\u00e4hlte fotografische Aufnahmen aus einem Album mit 218 Fotos eines unbekannten Offiziers der k. u. k. Armee gezeigt.<\/p>\n<p>Ausschlie\u00dflich am nord\u00f6stlichen Kriegsschauplatz gegen Russland eingesetzt bietet dieser uns durch seine Aufnahmen einen tieferen Einblick in die Organisation und den Betrieb eines solchen Spitals, dar\u00fcber hinaus des Sanit\u00e4tsbetriebes in der k- u.- k Armee. Das Spektrum seiner Schnappsch\u00fcsse reicht dabei vom Transport der Verwundeten von der Front zum Feldspital und deren Abtransport mit Eisenbahn und Schiff ins Hinterland bis zu Bildern von Soldaten mit schweren Kopfverletzungen, von Operationen und Operierten und deren Betreuung in den Krankenzimmern. Dar\u00fcber hinaus h\u00e4lt er auch den Bau zus\u00e4tzlicher Krankenbaracken und den Betrieb von fahrbaren Desinfektionsapparaten im Bild fest. Zahlreiche Fotos aus dem Alltagsleben im Spitalsbetrieb als auch einige Gruppenaufnahmen, auf denen das Personal abgebildet ist, erg\u00e4nzen seine Fotosammlung.<br \/>\nOft sieht man auch Schnappsch\u00fcsse, die das Feldspital \u201ein Bewegung\u201c zu seinem jeweils neuen Einsatzort zeigen, darunter etwa Abbildungen von zerst\u00f6rten D\u00f6rfern, \u00dcberquerungen von Fl\u00fcssen \u00fcber Behelfsbr\u00fccken und Begegnungen mit deutschen Soldaten und gefangenen Russen.<\/p>\n<p>Zum milit\u00e4rischen Sanit\u00e4tswesen lesen Sie bitte:<\/p>\n<p>Der Sanit\u00e4tsdienst im Felde IN: Der Milit\u00e4rarzt v. 15. J\u00e4nner 1916<br \/>\n<a href=\"http:\/\/anno.onb.ac.at\/cgi-content\/anno-plus?aid=dma&amp;datum=1916&amp;page=23&amp;size=45\">http:\/\/anno.onb.ac.at<\/a><\/p>\n<p>Salomon Kirchenberger:<br \/>\n<a href=\"http:\/\/www.biographien.ac.at\/oebl\/oebl_K\/Kirchenberger_Salomon_1848_1936.xml\">http:\/\/www.biographien.ac.at<\/a><\/p>\n<p>Reinhard Mundsch\u00fctz<\/p>\n<p><img loading=\"lazy\" decoding=\"async\" class=\"alignleft  size-full wp-image-19620\" title=\"Blatt-05b_1\" src=\"https:\/\/ub-blog.meduniwien.ac.at\/blog\/wp-content\/uploads\/2014\/07\/Blatt-05b_1.jpg\" alt=\"\" width=\"450\" height=\"294\" srcset=\"https:\/\/ub.meduniwien.ac.at\/blog\/wp-content\/uploads\/2014\/07\/Blatt-05b_1.jpg 450w, https:\/\/ub.meduniwien.ac.at\/blog\/wp-content\/uploads\/2014\/07\/Blatt-05b_1-300x196.jpg 300w\" sizes=\"auto, (max-width: 450px) 100vw, 450px\" \/><\/p>\n<p><img loading=\"lazy\" decoding=\"async\" class=\"alignleft size-full wp-image-19637\" title=\"Blatt-05b_1a\" src=\"https:\/\/ub-blog.meduniwien.ac.at\/blog\/wp-content\/uploads\/2014\/07\/Blatt-05b_1a1.jpg\" alt=\"\" width=\"450\" height=\"350\" srcset=\"https:\/\/ub.meduniwien.ac.at\/blog\/wp-content\/uploads\/2014\/07\/Blatt-05b_1a1.jpg 450w, https:\/\/ub.meduniwien.ac.at\/blog\/wp-content\/uploads\/2014\/07\/Blatt-05b_1a1-300x233.jpg 300w\" sizes=\"auto, (max-width: 450px) 100vw, 450px\" \/><\/p>\n<p><img loading=\"lazy\" decoding=\"async\" class=\"alignleft size-full wp-image-19622\" title=\"Blatt-05b_2\" src=\"https:\/\/ub-blog.meduniwien.ac.at\/blog\/wp-content\/uploads\/2014\/07\/Blatt-05b_2.jpg\" alt=\"\" width=\"450\" height=\"296\" srcset=\"https:\/\/ub.meduniwien.ac.at\/blog\/wp-content\/uploads\/2014\/07\/Blatt-05b_2.jpg 450w, https:\/\/ub.meduniwien.ac.at\/blog\/wp-content\/uploads\/2014\/07\/Blatt-05b_2-300x197.jpg 300w\" sizes=\"auto, (max-width: 450px) 100vw, 450px\" \/><\/p>\n<p><img loading=\"lazy\" decoding=\"async\" class=\"alignleft size-full wp-image-19623\" title=\"Blatt-05b_3\" src=\"https:\/\/ub-blog.meduniwien.ac.at\/blog\/wp-content\/uploads\/2014\/07\/Blatt-05b_3.jpg\" alt=\"\" width=\"450\" height=\"291\" srcset=\"https:\/\/ub.meduniwien.ac.at\/blog\/wp-content\/uploads\/2014\/07\/Blatt-05b_3.jpg 450w, https:\/\/ub.meduniwien.ac.at\/blog\/wp-content\/uploads\/2014\/07\/Blatt-05b_3-300x194.jpg 300w\" sizes=\"auto, (max-width: 450px) 100vw, 450px\" \/><\/p>\n<p><img loading=\"lazy\" decoding=\"async\" class=\"alignleft  size-full wp-image-19624\" title=\"Blatt-05b_3a\" src=\"https:\/\/ub-blog.meduniwien.ac.at\/blog\/wp-content\/uploads\/2014\/07\/Blatt-05b_3a.jpg\" alt=\"\" width=\"450\" height=\"314\" srcset=\"https:\/\/ub.meduniwien.ac.at\/blog\/wp-content\/uploads\/2014\/07\/Blatt-05b_3a.jpg 450w, https:\/\/ub.meduniwien.ac.at\/blog\/wp-content\/uploads\/2014\/07\/Blatt-05b_3a-300x209.jpg 300w\" sizes=\"auto, (max-width: 450px) 100vw, 450px\" \/><\/p>\n<p><img loading=\"lazy\" decoding=\"async\" class=\"alignleft size-full wp-image-19626\" title=\"Blatt-05b_5\" src=\"https:\/\/ub-blog.meduniwien.ac.at\/blog\/wp-content\/uploads\/2014\/07\/Blatt-05b_5.jpg\" alt=\"\" width=\"450\" height=\"289\" srcset=\"https:\/\/ub.meduniwien.ac.at\/blog\/wp-content\/uploads\/2014\/07\/Blatt-05b_5.jpg 450w, https:\/\/ub.meduniwien.ac.at\/blog\/wp-content\/uploads\/2014\/07\/Blatt-05b_5-300x192.jpg 300w\" sizes=\"auto, (max-width: 450px) 100vw, 450px\" \/><\/p>\n<p><img loading=\"lazy\" decoding=\"async\" class=\"alignleft size-full wp-image-19625\" title=\"Blatt-05b_4\" src=\"https:\/\/ub-blog.meduniwien.ac.at\/blog\/wp-content\/uploads\/2014\/07\/Blatt-05b_4.jpg\" alt=\"\" width=\"450\" height=\"293\" srcset=\"https:\/\/ub.meduniwien.ac.at\/blog\/wp-content\/uploads\/2014\/07\/Blatt-05b_4.jpg 450w, https:\/\/ub.meduniwien.ac.at\/blog\/wp-content\/uploads\/2014\/07\/Blatt-05b_4-300x195.jpg 300w\" sizes=\"auto, (max-width: 450px) 100vw, 450px\" \/><\/p>\n<p><a href=\"https:\/\/ub-blog.meduniwien.ac.at\/blog\/?cat=1153\">&#8222;1. Weltkrieg &amp; Medizin&#8220; &#8211;&gt;alle Beitr\u00e4ge<\/a><\/p>\n<p>Bildnachweis:<br \/>\nDr. Reinhard Mundschuetz. Alle Rechte vorbehalten.<\/p>\n","protected":false},"excerpt":{"rendered":"<p>Zur Geschichte des Feldspitals Nr. 2\/14 und des Milit\u00e4rsanit\u00e4tswesens der k. u. k. Armee in Galizien 1914 \u2013 1916 \u2013 Fotografische Momentaufnahmen eines Offiziers. Feldspit\u00e4ler waren Teil der mobilen Sanit\u00e4tsanstalten in der k. u. k. Armee und hatten die Aufgabe, den verwundeten und erkrankten Soldaten eine erste spitalsgem\u00e4\u00dfe Pflege angedeihen zu lassen. Zu Beginn des &hellip; <a href=\"https:\/\/ub.meduniwien.ac.at\/blog\/?p=19618\" class=\"more-link\"><span class=\"screen-reader-text\">&#8222;1. Weltkrieg &#038; Medizin&#8220;: Zur Geschichte des Feldspitals Nr. 2\/14 und des Milit\u00e4rsanit\u00e4tswesens der k. u. k. Armee in Galizien 1914 \u2013 1916 [2]<\/span> weiterlesen <span class=\"meta-nav\">&rarr;<\/span><\/a><\/p>\n","protected":false},"author":2,"featured_media":0,"comment_status":"open","ping_status":"open","sticky":false,"template":"","format":"standard","meta":{"ngg_post_thumbnail":0,"footnotes":""},"categories":[1153,1,11,5,2,16],"tags":[1154,1166,1161,1157,1159,1165,1162,1160,1158,62,1167,1163,1164,1156],"class_list":["post-19618","post","type-post","status-publish","format-standard","hentry","category-1-weltkrieg-medizin","category-allgemeines","category-literaturhinweis","category-medizingeschichte","category-news","category-news1","tag-1-weltkrieg","tag-erster-weltkrieg-1914-1916","tag-feldspital","tag-first-world-war","tag-fotoalbum","tag-galizien","tag-k-u-k-armee","tag-krankenzimmer","tag-medicine","tag-medizin","tag-offizier","tag-ostfront","tag-sanitatswesen","tag-world-war-i"],"views":45142,"_links":{"self":[{"href":"https:\/\/ub.meduniwien.ac.at\/blog\/index.php?rest_route=\/wp\/v2\/posts\/19618","targetHints":{"allow":["GET"]}}],"collection":[{"href":"https:\/\/ub.meduniwien.ac.at\/blog\/index.php?rest_route=\/wp\/v2\/posts"}],"about":[{"href":"https:\/\/ub.meduniwien.ac.at\/blog\/index.php?rest_route=\/wp\/v2\/types\/post"}],"author":[{"embeddable":true,"href":"https:\/\/ub.meduniwien.ac.at\/blog\/index.php?rest_route=\/wp\/v2\/users\/2"}],"replies":[{"embeddable":true,"href":"https:\/\/ub.meduniwien.ac.at\/blog\/index.php?rest_route=%2Fwp%2Fv2%2Fcomments&post=19618"}],"version-history":[{"count":87,"href":"https:\/\/ub.meduniwien.ac.at\/blog\/index.php?rest_route=\/wp\/v2\/posts\/19618\/revisions"}],"predecessor-version":[{"id":19673,"href":"https:\/\/ub.meduniwien.ac.at\/blog\/index.php?rest_route=\/wp\/v2\/posts\/19618\/revisions\/19673"}],"wp:attachment":[{"href":"https:\/\/ub.meduniwien.ac.at\/blog\/index.php?rest_route=%2Fwp%2Fv2%2Fmedia&parent=19618"}],"wp:term":[{"taxonomy":"category","embeddable":true,"href":"https:\/\/ub.meduniwien.ac.at\/blog\/index.php?rest_route=%2Fwp%2Fv2%2Fcategories&post=19618"},{"taxonomy":"post_tag","embeddable":true,"href":"https:\/\/ub.meduniwien.ac.at\/blog\/index.php?rest_route=%2Fwp%2Fv2%2Ftags&post=19618"}],"curies":[{"name":"wp","href":"https:\/\/api.w.org\/{rel}","templated":true}]}}