{"id":19371,"date":"2014-06-25T10:55:13","date_gmt":"2014-06-25T09:55:13","guid":{"rendered":"https:\/\/ub-blog.meduniwien.ac.at\/blog\/?p=19371"},"modified":"2014-07-13T16:34:42","modified_gmt":"2014-07-13T15:34:42","slug":"nana-turk-slowenien-praktikum-im-rahmen-des-erasmus-programms-an-der-ub-meduni-wien-juni-2014","status":"publish","type":"post","link":"https:\/\/ub.meduniwien.ac.at\/blog\/?p=19371","title":{"rendered":"Nana Turk (Slowenien): Praktikum im Rahmen des Erasmus-Programms an der UB MedUni Wien (Juni 2014)"},"content":{"rendered":"<p>Ich bin Frau Nana Turk und arbeite als Bibliothekarin in der Medizinischen Bibliothek in Slowenien. Unsere Bibliothek ist nur eine Bibliothek von den 39 anderen in der <a href=\"http:\/\/de.wikipedia.org\/wiki\/Universit%C3%A4t_Ljubljana\">Universit\u00e4t Ljubljana<\/a>. <\/p>\n<p>In diesem Jahr bekam  ich  eine M\u00f6glichkeit zu einem Erasmus-Austausch in einer medizinischen Bibliothek im Ausland. Ich entschied mich f\u00fcr die Universit\u00e4tsbibliothek f\u00fcr Medizin in Wien. Warum? Vor ein paar Jahren habe ich schon am Erasmus-Austauschprogramm in der Bibliothek der Ludwig Maximilians-Universit\u00e4t M\u00fcnchen teilgenommen. Da ich jetzt noch eine M\u00f6glichkeit bekam, nochmals den Erasmus-Austausch in einer Bibliothek zu machen, entschied ich mich f\u00fcr die Bibliothek der Medizinischen Universit\u00e4t Wien. Ich habe geh\u00f6rt, dass in \u00d6sterreich und in Deutschland die Arbeit in den Bibliotheken so gut organisiert ist. Als ich informiert war, dass ich aufgenommen wurde, war ich sehr froh. <\/p>\n<p>Ich habe das Praktikum in der Universit\u00e4tsbibliothek f\u00fcr Medizin in Wien vom 9. bis 13. Juni 2014 gemacht. Als ich ins Krankenhaus gekommen bin, war ich sehr beindruckt, weil es so gro\u00df ist. Danach bin ich in die Bibliotheklesehalle gekommen und habe bemerkt, dass auch die Bibliothek gro\u00df ist zugleich aber ist es hier auch sehr angenehm.<br \/>\n<!--more--><br \/>\nDann habe ich die Mitarbeiter kennengelernt. Herr Mag. Bruno Bauer und Frau Mag. Cepicka haben mir die Bibliothek im Allgemeinen vorgestellt. Die Bibliothek ist die einzige in \u00d6sterreich, die nach ISO 9001:2008 zertifiziert ist. Es bedeutet, dass die Qualit\u00e4t in der Bibliothek sehr wichtig ist. Sie plant alle Prozesse sehr sorgf\u00e4ltig. Sie sorgt daf\u00fcr, dass die Besucher zufrieden sind, dass die Prozesse flie\u00dfend laufen.<br \/>\n<figure id=\"attachment_19401\" aria-describedby=\"caption-attachment-19401\" style=\"width: 300px\" class=\"wp-caption alignleft\"><img loading=\"lazy\" decoding=\"async\" src=\"https:\/\/ub-blog.meduniwien.ac.at\/blog\/wp-content\/uploads\/2014\/06\/Varnostno-kopiranje-15742-150x150.jpg\" alt=\"Praktikum an UB MedUni Wien (Erasmus-Programm)\" title=\"Varnostno kopiranje 1574\" width=\"300\" height=\"300\" class=\"size-thumbnail wp-image-19401\" \/><figcaption id=\"caption-attachment-19401\" class=\"wp-caption-text\">Nana Turk, UB Laibach; Mag. Bruno Bauer, Leiter der UB MedUni Wien (Juni 2014)<\/figcaption><\/figure><br \/>\nIch habe auch die Prozesse kennengelernt und habe gesehen,  wie alles wirklich gut geht. Die Mitarbeiter sind sehr begeistert \u00fcber die Arbeit. Vielen Dank Ing. Mag. Helmut Dollfu\u00df, Andreas Fr\u00fchling und Mag. Daniel Formanek, dass sie mir so effizient die digitale Bibliothek vorgestellt haben. Sie haben mir die Systeme  der  Firma Ex Libris vorgestellt und wie es in Ihrer Bibliothek funktioniert. Die Systeme in der Bibliothek sind SFX, Aleph und Primo, welche sehr stark miteinander verbunden sind. Vielen Dank auch Frau Mag. Elisabeth Erasimus, die mir die Sacherschlie\u00dfung vorgestellt hat. Sacherschlie\u00dfung oder Inhalterschlie\u00dfung bedeutet verbale Beschreibung (RSWK) und systematische Beschreibung (Basisklassifikation und NLM Klassifikation). Es war f\u00fcr mich sehr interessant, weil ich ein paar Exemplare selbst machen konnte. Ich habe gesehen, dass es nicht so einfach zu machen ist. Dann habe ich auch die Arbeit von Frau Mag. Dr. Eva Chwala  gelernt. Sie hat mir gezeigt, wie sie die Suchanfragen f\u00fcr Kunden macht. Es scheint mir, dass sie wirklich sehr pr\u00e4zise sucht. Sie schaut alle Datenbanken an , bevor sie zufrieden ist und die Antwort zu  dem Kunden schickt.  Frau Nicole Trauninger hat mich in Subito eingef\u00fchrt. Hier geht alles so automatisch und es gef\u00e4llt mir sehr. Sie hat mir angezeigt, wie die Literaturlieferdienst geht.  Ich habe auch die Arbeit von Frau Monika Wiesinger kennengelernt, die mir vorgestellt hat, wie sie Erwerbung macht. Es scheint mir sehr effektiv, dass man es mit dem Aleph\u2013System machen kann. Besonders interessant war es, die Josephinische Bibliothek zu besuchen. Herr Harald Albrecht hat mir diese wunderbare Bibliothek und ihre alte B\u00fccher gezeigt. Es hat mir alles so wunderbar vorgestellt. Ich war wirklich sehr \u00fcberrascht \u00fcber diese weltber\u00fchmte Bibliothek. <\/p>\n<p><figure id=\"attachment_19403\" aria-describedby=\"caption-attachment-19403\" style=\"width: 300px\" class=\"wp-caption alignleft\"><img loading=\"lazy\" decoding=\"async\" src=\"https:\/\/ub-blog.meduniwien.ac.at\/blog\/wp-content\/uploads\/2014\/06\/Varnostno-kopiranje-1573-2-150x150.jpg\" alt=\"Erasmus-Praktikum an der UB MedUni Wien (Juni 2014)\" title=\"Varnostno kopiranje 1573 (2)\" width=\"300\" height=\"300\" class=\"size-thumbnail wp-image-19403\" \/><figcaption id=\"caption-attachment-19403\" class=\"wp-caption-text\">Mag. Karin Cepicka, stellvertretende Leiterin der UB MedUni Wien; Nana Turk, UB Laibach (Juni 2014)<\/figcaption><\/figure><br \/>\nDanke sch\u00f6n noch mal allen, dass sie so viel Geduld mit mir hatten. Ich wei\u00df, es war schwer, weil meine Sprache nicht ganz flie\u00dfend ist und sie m\u00fcssen es sehr daran merken, wie ich spreche. Sie haben mich sehr sch\u00f6n aufgenommen und ich bin sehr zufrieden, dass ich diese Bibliothek ausgew\u00e4hlt habe. <\/p>\n<p>Ich muss nochmal sagen, dass ich sehr begeistert \u00fcber die flie\u00dfende Arbeit in der Bibliothek bin. Ich meine, die Mitarbeiter der Universit\u00e4tsbibliothek haben viel Gl\u00fcck, weil sie hier arbeiten.<\/p>\n<p><strong>Weitere Berichte \u00fcber Praktika an der UB Med Uni Wien im Van Swieten Blog:<\/strong><\/p>\n<ul>\n<li>Carinna B\u00fcttner: <a href=\"https:\/\/ub-blog.meduniwien.ac.at\/blog\/?p=968\">Praktikum an der UB Med Uni Wien (Mai 2008)<\/a><br \/>\n(Van Swieten Blog 968 vom 26. Mai 2008)<\/li>\n<\/ul>\n<ul>\n<li>David Mitterhuber: <a href=\"https:\/\/ub-blog.meduniwien.ac.at\/blog\/?p=1096\">Praktikum an der UB Med Uni Wien (Juli 2008)<\/a><br \/>\n(Van Swieten Blog 1096 vom 7. August 2008)<\/li>\n<\/ul>\n<ul>\n<li>Maria-Christina Maschat: <a href=\"https:\/\/ub-blog.meduniwien.ac.at\/blog\/?p=1922\">Praktikum an der UB Med Uni Wien (Juli 2009)<\/a><br \/>\n(Van Swieten Blog 1922 vom 31. August 2009)<\/li>\n<\/ul>\n<ul>\n<li>Annemarie Grillenberger: <a href=\"https:\/\/ub-blog.meduniwien.ac.at\/blog\/?p=2140\">Praktikum an der UB der Med Uni Wien (August 2009)<\/a><br \/>\n(Van Swieten Blog 2140 vom 31.08.2009)<\/li>\n<\/ul>\n<ul>\n<li>Elisabeth Hohla: <a href=\"https:\/\/ub-blog.meduniwien.ac.at\/blog\/?p=2255\">Praktikum an der UB der Med Uni Wien (August 2009)<\/a><br \/>\n(Van Swieten Blog 2255 vom 30.09.2009)<\/li>\n<\/ul>\n<ul>\n<li>Z. Dobiasova, J. Pirnerova, K. Kieslingova:<a href=\"https:\/\/ub-blog.meduniwien.ac.at\/blog\/?p=5159\"> Praktikum at the University Library of MedUni Vienna (Mai 2010)<\/a><br \/>\n(Van Swieten Blog 5159 vom 10.05.2010)<\/li>\n<\/ul>\n<ul>\n<li>Lidija Nikic: <a href=\"https:\/\/ub-blog.meduniwien.ac.at\/blog\/?p=6096\">Praktikum an der UB Med Uni Wien (Juli 2010)<\/a><br \/>\n(Van Swieten Blog 6096 vom 28.07.2010<\/li>\n<\/ul>\n<ul>\n<li>Marion Jaks: <a href=\"https:\/\/ub-blog.meduniwien.ac.at\/blog\/?p=6311\">Praktikum an der UB Med Uni Wien  (August 2010)<\/a><br \/>\n(Van Swieten Blog 6311 vom 05.09.2010)<\/li>\n<\/ul>\n<ul>\n<li>Jana Varteck\u00e1: <a href=\"https:\/\/ub-blog.meduniwien.ac.at\/blog\/?p=6475\">Praktikum an der Ub Med Uni Wien (September 2010): <\/a><br \/>\n(Van Swieten Blog 6475 vom 24.9.2010)<\/li>\n<\/ul>\n<ul>\n<li>Mag. Lukas Zach: <a href=\"https:\/\/ub-blog.meduniwien.ac.at\/blog\/?p=8255\">Praktikum an der Ub Med Uni Wien (Feber 2011): <\/a><br \/>\n(Van Swieten Blog 8255 vom 25.2.2011)<\/li>\n<\/ul>\n<ul>\n<li>Brigitte Deimel: <a href=\"https:\/\/ub-blog.meduniwien.ac.at\/blog\/?p=9269\">Praktikum an der Ub Med Uni Wien (Juli 2011): <\/a><br \/>\n(Van Swieten Blog 9269 vom 29.07.2011)<\/li>\n<\/ul>\n<ul>\n<li>Stefan Pr\u00e4hauser: <a href=\"https:\/\/ub-blog.meduniwien.ac.at\/blog\/?p=9909\">Praktikum an der Ub Med Uni Wien (Oktober 2011): <\/a><br \/>\n(Van Swieten Blog 9909 vom 18.01.2012)<\/li>\n<\/ul>\n<ul>\n<li>Carolin D\u00f6gl: <a href=\"https:\/\/ub-blog.meduniwien.ac.at\/blog\/?p=10187\">Berufspraktische Tage an der Ub Med Uni Wien (Feber 2012): <\/a><br \/>\n(Van Swieten Blog 10187 vom 01.02.2012)<\/li>\n<\/ul>\n<ul>\n<li>Mag. Vera Brandtl: <a href=\"https:\/\/ub-blog.meduniwien.ac.at\/blog\/?p=12243\">Praktikum an der Ub Med Uni Wien (August 2012): <\/a><br \/>\n(Van Swieten Blog 12243 vom 03.08.2012)<\/li>\n<\/ul>\n<ul>\n<li>Mag. Barbara Sanchez: <a href=\"https:\/\/ub-blog.meduniwien.ac.at\/blog\/?p=15413\">Praktikum an der Ub Med Uni Wien (M\u00e4rz 2013): <\/a><br \/>\n(Van Swieten Blog 15413 vom 15.03.2013)<\/li>\n<\/ul>\n<ul>\n<li>Mag. Angelika Hofrichter, Mag. Elisabeth Potrusil: <a href=\"https:\/\/ub-blog.meduniwien.ac.at\/blog\/?p=16083\">Praktikum an der UB Med Uni Wien(1. Halbjahr 2014):<\/a><br \/>\n(Van Swieten Blog 16093 vom 08.05.2013)<\/li>\n<\/ul>\n<ul>\n<li>Mag. Sabine Wallig: <a href=\"https:\/\/ub-blog.meduniwien.ac.at\/blog\/?p=17928\">Praktikum an der UB Med Uni Wien(M\u00e4rz 2014): <\/a><br \/>\n(Van Swieten Blog 17928 vom 25.03.2014):<\/li>\n<\/ul>\n<ul>\n<li>Claudia Buchmayer: <a href=\"https:\/\/ub-blog.meduniwien.ac.at\/blog\/?p=15380\">Praktikum an der UB Med Uni Wien (Mai 2014): <\/a><br \/>\n(Van Swieten Blog 15380 vom 17.05.2014)<\/li>\n<\/ul>\n","protected":false},"excerpt":{"rendered":"<p>Ich bin Frau Nana Turk und arbeite als Bibliothekarin in der Medizinischen Bibliothek in Slowenien. Unsere Bibliothek ist nur eine Bibliothek von den 39 anderen in der Universit\u00e4t Ljubljana. In diesem Jahr bekam ich eine M\u00f6glichkeit zu einem Erasmus-Austausch in einer medizinischen Bibliothek im Ausland. Ich entschied mich f\u00fcr die Universit\u00e4tsbibliothek f\u00fcr Medizin in Wien. &hellip; <a href=\"https:\/\/ub.meduniwien.ac.at\/blog\/?p=19371\" class=\"more-link\"><span class=\"screen-reader-text\">Nana Turk (Slowenien): Praktikum im Rahmen des Erasmus-Programms an der UB MedUni Wien (Juni 2014)<\/span> weiterlesen <span class=\"meta-nav\">&rarr;<\/span><\/a><\/p>\n","protected":false},"author":2,"featured_media":0,"comment_status":"open","ping_status":"open","sticky":false,"template":"","format":"standard","meta":{"ngg_post_thumbnail":0,"footnotes":""},"categories":[2,16,46],"tags":[1147,1151],"class_list":["post-19371","post","type-post","status-publish","format-standard","hentry","category-news","category-news1","category-praktikum","tag-erasmus-programm","tag-medizinische-bibliothek-der-universitat-laibach"],"views":41753,"_links":{"self":[{"href":"https:\/\/ub.meduniwien.ac.at\/blog\/index.php?rest_route=\/wp\/v2\/posts\/19371","targetHints":{"allow":["GET"]}}],"collection":[{"href":"https:\/\/ub.meduniwien.ac.at\/blog\/index.php?rest_route=\/wp\/v2\/posts"}],"about":[{"href":"https:\/\/ub.meduniwien.ac.at\/blog\/index.php?rest_route=\/wp\/v2\/types\/post"}],"author":[{"embeddable":true,"href":"https:\/\/ub.meduniwien.ac.at\/blog\/index.php?rest_route=\/wp\/v2\/users\/2"}],"replies":[{"embeddable":true,"href":"https:\/\/ub.meduniwien.ac.at\/blog\/index.php?rest_route=%2Fwp%2Fv2%2Fcomments&post=19371"}],"version-history":[{"count":15,"href":"https:\/\/ub.meduniwien.ac.at\/blog\/index.php?rest_route=\/wp\/v2\/posts\/19371\/revisions"}],"predecessor-version":[{"id":19383,"href":"https:\/\/ub.meduniwien.ac.at\/blog\/index.php?rest_route=\/wp\/v2\/posts\/19371\/revisions\/19383"}],"wp:attachment":[{"href":"https:\/\/ub.meduniwien.ac.at\/blog\/index.php?rest_route=%2Fwp%2Fv2%2Fmedia&parent=19371"}],"wp:term":[{"taxonomy":"category","embeddable":true,"href":"https:\/\/ub.meduniwien.ac.at\/blog\/index.php?rest_route=%2Fwp%2Fv2%2Fcategories&post=19371"},{"taxonomy":"post_tag","embeddable":true,"href":"https:\/\/ub.meduniwien.ac.at\/blog\/index.php?rest_route=%2Fwp%2Fv2%2Ftags&post=19371"}],"curies":[{"name":"wp","href":"https:\/\/api.w.org\/{rel}","templated":true}]}}