{"id":18932,"date":"2014-05-22T01:08:24","date_gmt":"2014-05-22T00:08:24","guid":{"rendered":"https:\/\/ub-blog.meduniwien.ac.at\/blog\/?p=18932"},"modified":"2014-05-23T08:24:27","modified_gmt":"2014-05-23T07:24:27","slug":"gastautor-prof-dr-peter-heilig-die-verzwergung","status":"publish","type":"post","link":"https:\/\/ub.meduniwien.ac.at\/blog\/?p=18932","title":{"rendered":"Gastautor: Prof. Dr. Peter Heilig: Die Verzwergung"},"content":{"rendered":"<p><strong>Die Verzwergung<\/strong><\/p>\n<p>&#8222;Nach wie vor werden Europawahlen mit heimischen Z\u00e4nkereien bestritten. Nach wie vor wird l\u00e4stiges<br \/>\nPersonal nach Br\u00fcssel abgeschoben, statt die Besten dorthin zu delegieren. Nach wie vor ist es \u00fcblich<br \/>\nunangenehme Entscheidungen als EU-Zwang zu erkl\u00e4ren, auch wenn in Br\u00fcssel nichts ohne uns passiert.<br \/>\nDas ist Verzwergung und &#8211; es ist gef\u00e4hrlich.&#8220;<br \/>\n. . sprach der unvergessene J\u00f6rg Mauthe &#8211; dereinst.<\/p>\n<p>Abb.: &#8222;Luft-Figur&#8220; in zeitlos erhabener klassischer Silhouette<br \/>\nOben stehender Marmorner* hat absolut nichts mit dem Zwerg zu seinen F\u00fc\u00dfen gemein; f\u00fcr beide<br \/>\ngilt die &#8218;Unschuldvermutung&#8216;. Die &#8218;Goldreserve&#8216; aus dem defekten Zwergenpostsack ist rein virtuell &#8211; wie im<br \/>\nwirklichen Leben. Ihr Scheingeldwert oszilliert im Nanosekundentakt.<br \/>\n* 1 Sam 17<br \/>\nOptional:<br \/>\n\u201eEin sibirischer (!) Heinzelmann f\u00fchrt die Autoren in seine Heimat.. Nach manchen Pr\u00fcfungen gibt er ihnen<br \/>\neine schwere Aufgabe mit auf den Weg zur\u00fcck zu den Menschen: dazu beizutragen der Zerst\u00f6rung der Welt<br \/>\nEinhalt zu gebieten.\u201c Huygen W, Poortvliet R: Das geheime Buch der Heinzelm\u00e4nnchen. Neues vom<br \/>\nZwergenvolk und ihrer Botschaft an die Menschen. Lingen<\/p>\n<p><img loading=\"lazy\" decoding=\"async\" src=\"https:\/\/ub-blog.meduniwien.ac.at\/blog\/wp-content\/uploads\/2014\/05\/Image_heilig_001.jpg\" alt=\"\" title=\"Image_heilig_001\" width=\"450\" height=\"816\" align=\"left\" size-full wp-image-18936\" srcset=\"https:\/\/ub.meduniwien.ac.at\/blog\/wp-content\/uploads\/2014\/05\/Image_heilig_001.jpg 450w, https:\/\/ub.meduniwien.ac.at\/blog\/wp-content\/uploads\/2014\/05\/Image_heilig_001-165x300.jpg 165w, https:\/\/ub.meduniwien.ac.at\/blog\/wp-content\/uploads\/2014\/05\/Image_heilig_001-441x800.jpg 441w\" sizes=\"auto, (max-width: 450px) 100vw, 450px\" \/><\/p>\n<p><a href=\"https:\/\/ub-blog.meduniwien.ac.at\/blog\/?p=18817\">Gastautor: Prof. Dr. Peter Heilig: Aus dem Takt geraten, \u2013 \u201cunsere\u201d Zeit \u2013 <\/a><br \/>\n<a href=\"https:\/\/ub-blog.meduniwien.ac.at\/blog\/?p=17655\">Gastautor: Prof. Dr. Peter Heilig: \u201cSub aqua, sub aqua . . .\u201d<\/a><br \/>\n<a href=\"https:\/\/ub-blog.meduniwien.ac.at\/blog\/?p=17307\">Gastautor: Prof. Dr. Peter Heilig: \u201cDas Leben ist sch\u00f6n\u201d<\/a><a href=\"https:\/\/ub-blog.meduniwien.ac.at\/blog\/?p=16917\" rel=\"bookmark\"><br \/>\nGastautor: Prof. Dr. Peter Heilig: Quantum Satis Est<\/a><a href=\"https:\/\/ub-blog.meduniwien.ac.at\/blog\/?p=15875\" rel=\"bookmark\"><br \/>\nGastautor: Prof. Dr. Peter Heilig: Ophthalmologie: Prophylaxe. Ein Appell.<\/a><br \/>\n<a href=\"https:\/\/ub-blog.meduniwien.ac.at\/blog\/?p=15543\" rel=\"bookmark\">Gastautor: Prof. Dr. Peter Heilig: \u201cKULTUR-GEDAECHTNIS-SCHWUND\u201d<\/a><br \/>\n<a href=\"https:\/\/ub-blog.meduniwien.ac.at\/blog\/?p=15207\" rel=\"bookmark\">Gastautor: Prof. Dr. Peter Heilig zum Thema: NACH DENKEN: \u201cWas ich ganz besonders sch\u00e4tze, ist das klare Denken.\u201d Joseph B\u00f6ck (1901\u20131985)<\/a><br \/>\n<a href=\"https:\/\/ub-blog.meduniwien.ac.at\/blog\/?p=14844\" rel=\"bookmark\">Gastautor: Prof. Dr. Peter Heilig zum Thema Blendung \u2013 \u201cWe waste our lights in vain, like lamps by day\u2026\u201d Romeo and Juliet Act I Scene IV MERCUTIO<\/a><br \/>\n<a href=\"https:\/\/ub-blog.meduniwien.ac.at\/blog\/?p=13730\">Gastautor: Prof. Dr. Peter Heilig: 19.01.2013: Zweihundert Jahre Wiener Augenklinik: &#8222;\u00c4lteste Universit\u00e4ts-Augenklinik der Erde&#8220;<\/a><br \/>\n<a href=\"https:\/\/ub-blog.meduniwien.ac.at\/blog\/?p=13583\">Gastautor: Prof. Dr. Peter Heilig: &#8222;G&#8217;schichterln aus der Geschichte der Wiener Augen-Klinik&#8220;<\/a><br \/>\n<a href=\"https:\/\/ub-blog.meduniwien.ac.at\/blog\/?p=12977\">Gastautor: Prof. Dr. Peter Heilig \u00fcber Karl May in Wort und Bild<\/a><br \/>\n<a href=\"https:\/\/ub-blog.meduniwien.ac.at\/blog\/?p=13233\">Gastautor: Prof. Dr. Peter Heilig: \u201cFreud gab Carl Koller den Spitznamen \u201cCoca Koller\u201d\u2026\u201d<\/a><\/p>\n","protected":false},"excerpt":{"rendered":"<p>Die Verzwergung &#8222;Nach wie vor werden Europawahlen mit heimischen Z\u00e4nkereien bestritten. Nach wie vor wird l\u00e4stiges Personal nach Br\u00fcssel abgeschoben, statt die Besten dorthin zu delegieren. Nach wie vor ist es \u00fcblich unangenehme Entscheidungen als EU-Zwang zu erkl\u00e4ren, auch wenn in Br\u00fcssel nichts ohne uns passiert. Das ist Verzwergung und &#8211; es ist gef\u00e4hrlich.&#8220; . &hellip; <a href=\"https:\/\/ub.meduniwien.ac.at\/blog\/?p=18932\" class=\"more-link\"><span class=\"screen-reader-text\">Gastautor: Prof. Dr. Peter Heilig: Die Verzwergung<\/span> weiterlesen <span class=\"meta-nav\">&rarr;<\/span><\/a><\/p>\n","protected":false},"author":2,"featured_media":0,"comment_status":"open","ping_status":"open","sticky":false,"template":"","format":"standard","meta":{"ngg_post_thumbnail":0,"footnotes":""},"categories":[33,2,16],"tags":[],"class_list":["post-18932","post","type-post","status-publish","format-standard","hentry","category-gastbeitrage","category-news","category-news1"],"views":40670,"_links":{"self":[{"href":"https:\/\/ub.meduniwien.ac.at\/blog\/index.php?rest_route=\/wp\/v2\/posts\/18932","targetHints":{"allow":["GET"]}}],"collection":[{"href":"https:\/\/ub.meduniwien.ac.at\/blog\/index.php?rest_route=\/wp\/v2\/posts"}],"about":[{"href":"https:\/\/ub.meduniwien.ac.at\/blog\/index.php?rest_route=\/wp\/v2\/types\/post"}],"author":[{"embeddable":true,"href":"https:\/\/ub.meduniwien.ac.at\/blog\/index.php?rest_route=\/wp\/v2\/users\/2"}],"replies":[{"embeddable":true,"href":"https:\/\/ub.meduniwien.ac.at\/blog\/index.php?rest_route=%2Fwp%2Fv2%2Fcomments&post=18932"}],"version-history":[{"count":9,"href":"https:\/\/ub.meduniwien.ac.at\/blog\/index.php?rest_route=\/wp\/v2\/posts\/18932\/revisions"}],"predecessor-version":[{"id":19031,"href":"https:\/\/ub.meduniwien.ac.at\/blog\/index.php?rest_route=\/wp\/v2\/posts\/18932\/revisions\/19031"}],"wp:attachment":[{"href":"https:\/\/ub.meduniwien.ac.at\/blog\/index.php?rest_route=%2Fwp%2Fv2%2Fmedia&parent=18932"}],"wp:term":[{"taxonomy":"category","embeddable":true,"href":"https:\/\/ub.meduniwien.ac.at\/blog\/index.php?rest_route=%2Fwp%2Fv2%2Fcategories&post=18932"},{"taxonomy":"post_tag","embeddable":true,"href":"https:\/\/ub.meduniwien.ac.at\/blog\/index.php?rest_route=%2Fwp%2Fv2%2Ftags&post=18932"}],"curies":[{"name":"wp","href":"https:\/\/api.w.org\/{rel}","templated":true}]}}