{"id":18878,"date":"2014-05-06T10:31:07","date_gmt":"2014-05-06T09:31:07","guid":{"rendered":"https:\/\/ub-blog.meduniwien.ac.at\/blog\/?p=18878"},"modified":"2014-06-04T11:31:28","modified_gmt":"2014-06-04T10:31:28","slug":"most-wanted-books-7","status":"publish","type":"post","link":"https:\/\/ub.meduniwien.ac.at\/blog\/?p=18878","title":{"rendered":"Most Wanted Books"},"content":{"rendered":"<p><strong>In der Buchausstellung April 2014 wurden folgende B\u00fccher am meisten vorgemerkt<\/strong>:\u00a0<br \/>\n&nbsp;<br \/>\n<img loading=\"lazy\" decoding=\"async\" src=\"https:\/\/ub-blog.meduniwien.ac.at\/blog\/wp-content\/uploads\/2014\/05\/WP-870-83_978313167.jpg\" alt=\"\" title=\"WP-870-83_978313167\" width=\"208\" height=\"281\" align=\"left\" size-full wp-image-18905\" \/><\/p>\n<p><strong>Fischer, Uwe, 1970- [Hrsg.]: Diagnostik und Therapie des Mammakarzinoms<\/strong> \/ Uwe Fischer ; Friedemann Baum. &#8211; Stuttgart : Thieme, 2014. &#8211; 291 S. . &#8211; 978-3-13-167381-7 Gbunden. : EUR 199.99 (DE), EUR 179.99 (DE) (Subskr.-Pr. bis 23.01.2014), EUR 205.70 (AT)<\/p>\n<p>Grundlagen, Diagnostik und Therapie in einem Band &#8211;<br \/>\nkonzentriertes Wissen zum Mammakarzinom<\/p>\n<p>Detaillierte Anleitungen f\u00fcr die Durchf\u00fchrung<br \/>\nder Untersuchungen, Interventionen und operativen<br \/>\nEingriffe<\/p>\n<p>Ber\u00fccksichtigt alle bildgebenden Verfahren:<br \/>\nMammografie, Mammasonografie, Mamma-MRT<\/p>\n<p>Zum raschen Nachschlagen: Leitlinien (S3),<br \/>\nKlassifikationen (BI-RADS), Qualit\u00e4tssicherung<\/p>\n<p>Alle Therapiestandards anschaulich aufbereitet:<br \/>\noperative, medikament\u00f6se und radioonkologische Behandlung<\/p>\n<p>Mit praktischen Tipps f\u00fcr die Gespr\u00e4chsf\u00fchrung,<br \/>\ndie Logistik in Brustzentren, verwendete Materialien<br \/>\nund Instrumente<\/p>\n<p>Interdisziplin\u00e4res Expertenteam aus Radiologie<br \/>\nund gyn\u00e4kologischer Onkologie<\/p>\n<p>Alles, was f\u00fcr den Praktiker in der<br \/>\nMammakarzinom-Behandlung wichtig ist.<\/p>\n<p>&#8212;&#8212;&#8212;&#8212;<\/p>\n<p><img loading=\"lazy\" decoding=\"async\" src=\"https:\/\/ub-blog.meduniwien.ac.at\/blog\/wp-content\/uploads\/2014\/05\/Bachofen7929-150x150.jpg\" alt=\"\" title=\"bachhofen_trauma_beziehung_1A_vers6.indd\" width=\"150\" height=\"150\" align=\"left\" size-thumbnail wp-image-18901\" \/><br \/>\n<strong>Bachhofen, Andreas, 1954-: Trauma und Beziehung<\/strong> : Grundlagen eines intersubjektiven Behandlungsansatzes \/ Andreas Bachhofen. &#8211; Stuttgart : Klett-Cotta, 2012. &#8211; 162 S. . &#8211; 978-3-608-89130-0 Kart. : EUR 24.95 (DE), ca. EUR 25.70 (AT)<\/p>\n<p>&#8211; Traumatherapie ist der gefragteste Bereich in der psychotherapeutischen Fortbildung<br \/>\n&#8211; Ein Grundlagen-Buch f\u00fcr alle, die mit Trauma-Patienten arbeiten<br \/>\n&#8211; Kann eine \u00fcberf\u00e4llige Diskussion in der Psychotherapie ausl\u00f6sen: Es geht um das grundlegende Verst\u00e4ndnis: Was macht \u00bbgute Psychotherapie\u00ab aus?<br \/>\n&#8211; Die innovativen Gedanken der Intersubjektivit\u00e4tstheorie werden immer st\u00e4rker wahrgenommen (Paradigmenwechsel in der Psychoanalyse: Altmeyer und Thom\u00e4)<\/p>\n<p>Das Buch wendet sich an:<br \/>\n&#8211; Psychodynamisch arbeitende TherapeutInnen<br \/>\n&#8211; TraumatherapeutInnen aller Schulen<br \/>\n&#8211; PsychotherapeutInnen, die auf Basis der Intersubjektivit\u00e4tstheorie arbeiten<br \/>\n&#8212;&#8212;&#8212;-<\/p>\n<p><img loading=\"lazy\" decoding=\"async\" src=\"https:\/\/ub-blog.meduniwien.ac.at\/blog\/wp-content\/uploads\/2014\/05\/Moeller_image_1964_1_4617.jpg\" alt=\"\" title=\"Moeller_image_1964_1_4617\" width=\"158\" height=\"228\" align=\"left\" size-full wp-image-18882\" \/><\/p>\n<p><strong>M\u00f6ller, Gisela: Endlich essen was ich will<\/strong> : wie Sie Ihren eigenen Weg zum richtigen Essverhalten finden \/ Gisela M\u00f6ller. &#8211; 1., Aufl. . &#8211; Bern : Huber, 2013. &#8211; 177 S. . &#8211; 978-3-456-85212-6 Gb. : ca. EUR 20.60 (AT),<\/p>\n<p>Essen Sie manchmal mehr, als Sie eigentlich wollten? Haben Sie schon mehrfach versucht, mit Di\u00e4ten Ihr Essverhalten zu knacken? Und sind Sie immer wieder frustriert, dass Sie es einfach nicht schaffen?<\/p>\n<p>Dieses Buch erkl\u00e4rt, wie Sie durch Selbstwirksamkeit k\u00f6rperliche,<br \/>\ngedankliche, emotionale und soziale Alltagsgewohnheiten konkret<br \/>\nver\u00e4ndern k\u00f6nnen, damit Sie das Essen in den Griff bekommen.<br \/>\nSelbstwirksamkeit hei\u00dft, je mehr ich mir selbst zutraue, mein<br \/>\nEssverhalten zu gestalten, desto besser kann ich auch meine<br \/>\nNahrungsaufnahme steuern und abnehmen. Ich handle mit Bestimmtheit,<br \/>\nweil ich mir sicher bin, dass ich Erfolg haben werde.<br \/>\nDie Schl\u00fcsselideen ihrer Methoden hat die Autorin in ihren Kursen<br \/>\njahrelang erfolgreich erprobt. Aus ihrer Praxis stammen auch die<br \/>\nFallbeispiele im Buch. Sie wei\u00df, welche Ver\u00e4nderungen des<br \/>\nEssverhaltens viel Experimentierfreude brauchen und welche<br \/>\nErfolge besonders s\u00fc\u00df schmecken. Und sie erkl\u00e4rt, warum Di\u00e4ten<br \/>\noft ins Leere laufen: Sie geben uns kein Werkzeug an die Hand,<br \/>\num am eigentlichen Knackpunkt des Essens zu arbeiten, unserer<br \/>\nSelbststeuerung.<br \/>\nAnschaulich und in einer Schritt-f\u00fcr-Schritt-Anleitung macht<br \/>\ndie Autorin klar, wie Sie mit Hilfe der Selbstwirksamkeit<br \/>\naus der erlernten Hilflosigkeit aussteigen k\u00f6nnen. Um endlich<br \/>\nessen zu k\u00f6nnen, was Sie wirklich wollen!<\/p>\n<p>&#8212;&#8212;&#8212;&#8212;-<\/p>\n<p><img loading=\"lazy\" decoding=\"async\" src=\"https:\/\/ub-blog.meduniwien.ac.at\/blog\/wp-content\/uploads\/2014\/05\/gut_Larsen_123.jpg\" alt=\"\" title=\"gut_Larsen_123\" width=\"141\" height=\"200\" align=\"left\" size-full wp-image-18893\" \/><\/p>\n<p><strong>Larsen, Christian, 1956-: Gut zu Fu\u00df ein Leben lang<\/strong> : trainieren statt operieren: Die besten \u00dcbungen aus der Spiraldynamik\u00ae \/ Christian Larsen. &#8211; 4., vollst. \u00fcberarb. Aufl. . &#8211; Stuttgart : TRIAS, 2014. &#8211; 190 S. . &#8211; 978-3-8304-3852-6 kart. : EUR 19.99 (DE), EUR 20.60 (AT)<\/p>\n<p>Starker Auftritt f\u00fcr Ihre F\u00fc\u00dfe<br \/>\nDenken Sie mit Wehmut an die Tage zur\u00fcck, in denen High Heels ganz selbstverst\u00e4ndlich zu Ihrer Garderobe geh\u00f6rten? Machen Ihre F\u00fc\u00dfe beim Joggen schmerzhaft auf sich aufmerksam? Warten Sie nicht, bis jeder Schritt zur Qual wird! Entdecken Sie mit dem gro\u00dfen Selbsttest, wie es Ihren F\u00fc\u00dfen wirklich geht. Und finden Sie das richtige Programm f\u00fcr leistungsstarke und schmerzfreie F\u00fc\u00dfe.<br \/>\nErfolgsautor Christian Larsen zeigt Ihnen die ma\u00dfgeschneiderten und alltagspraktischen \u00dcbungen der Spiraldynamik\u00ae. Mit diesen k\u00f6nnen Sie Fehlstellungen wie Hallux valgus, Platt- oder Spreizfu\u00df effektiv und von Grund auf entgegenwirken. Falls eine Operation wirklich unumg\u00e4nglich ist, k\u00f6nnen Sie sich mit diesem Buch optimal vorbereiten.<br \/>\nMachen Sie Schluss mit Fehlbelastungen und Schmerzen und entdecken Sie ein von Grund auf neues K\u00f6rpergef\u00fchl.<\/p>\n<p>&nbsp;<\/p>\n","protected":false},"excerpt":{"rendered":"<p>In der Buchausstellung April 2014 wurden folgende B\u00fccher am meisten vorgemerkt:\u00a0 &nbsp; Bachhofen, Andreas, 1954-: Trauma und Beziehung : Grundlagen eines intersubjektiven Behandlungsansatzes \/ Andreas Bachhofen. &#8211; Stuttgart : Klett-Cotta, 2012. &#8211; 162 S. . &#8211; 978-3-608-89130-0 Kart. : EUR 24.95 (DE), ca. EUR 25.70 (AT) &#8211; Traumatherapie ist der gefragteste Bereich in der psychotherapeutischen &hellip; <a href=\"https:\/\/ub.meduniwien.ac.at\/blog\/?p=18878\" class=\"more-link\"><span class=\"screen-reader-text\">Most Wanted Books<\/span> weiterlesen <span class=\"meta-nav\">&rarr;<\/span><\/a><\/p>\n","protected":false},"author":2,"featured_media":0,"comment_status":"open","ping_status":"open","sticky":false,"template":"","format":"standard","meta":{"ngg_post_thumbnail":0,"footnotes":""},"categories":[24,11,2],"tags":[123],"class_list":["post-18878","post","type-post","status-publish","format-standard","hentry","category-books-journals","category-literaturhinweis","category-news","tag-bucher"],"views":62681,"_links":{"self":[{"href":"https:\/\/ub.meduniwien.ac.at\/blog\/index.php?rest_route=\/wp\/v2\/posts\/18878","targetHints":{"allow":["GET"]}}],"collection":[{"href":"https:\/\/ub.meduniwien.ac.at\/blog\/index.php?rest_route=\/wp\/v2\/posts"}],"about":[{"href":"https:\/\/ub.meduniwien.ac.at\/blog\/index.php?rest_route=\/wp\/v2\/types\/post"}],"author":[{"embeddable":true,"href":"https:\/\/ub.meduniwien.ac.at\/blog\/index.php?rest_route=\/wp\/v2\/users\/2"}],"replies":[{"embeddable":true,"href":"https:\/\/ub.meduniwien.ac.at\/blog\/index.php?rest_route=%2Fwp%2Fv2%2Fcomments&post=18878"}],"version-history":[{"count":34,"href":"https:\/\/ub.meduniwien.ac.at\/blog\/index.php?rest_route=\/wp\/v2\/posts\/18878\/revisions"}],"predecessor-version":[{"id":19079,"href":"https:\/\/ub.meduniwien.ac.at\/blog\/index.php?rest_route=\/wp\/v2\/posts\/18878\/revisions\/19079"}],"wp:attachment":[{"href":"https:\/\/ub.meduniwien.ac.at\/blog\/index.php?rest_route=%2Fwp%2Fv2%2Fmedia&parent=18878"}],"wp:term":[{"taxonomy":"category","embeddable":true,"href":"https:\/\/ub.meduniwien.ac.at\/blog\/index.php?rest_route=%2Fwp%2Fv2%2Fcategories&post=18878"},{"taxonomy":"post_tag","embeddable":true,"href":"https:\/\/ub.meduniwien.ac.at\/blog\/index.php?rest_route=%2Fwp%2Fv2%2Ftags&post=18878"}],"curies":[{"name":"wp","href":"https:\/\/api.w.org\/{rel}","templated":true}]}}