{"id":1760,"date":"2009-07-01T17:56:06","date_gmt":"2009-07-01T16:56:06","guid":{"rendered":"https:\/\/ub-blog.meduniwien.ac.at\/blog\/?p=1760"},"modified":"2009-10-06T10:27:24","modified_gmt":"2009-10-06T09:27:24","slug":"fort-und-weiterbildung-der-ub-med-uni-wien-ii2009-april-juni-2009","status":"publish","type":"post","link":"https:\/\/ub.meduniwien.ac.at\/blog\/?p=1760","title":{"rendered":"Fort- und Weiterbildung der Ub Med Uni Wien II\/2009 (April &#8211; Juni 2009)"},"content":{"rendered":"<p><strong>Aktivit\u00e4ten der Fort- und Weiterbildung sowie nationaler und internationaler Kooperation in den Monaten April bis Juni 2009:<\/strong><\/p>\n<p><strong>APRIL 2009<\/strong><\/p>\n<ol>1. April 2009<br \/>\nTeilnahme am <a href=\"http:\/\/www.onb.ac.at\/ausbildung\/brainpool_seminare.htm\">Brain Pool-Seminar<\/a> zum Thema &#8222;English for Library Staff&#8220; an der \u00d6sterreichischen Nationalbibliothek [2]<\/ol>\n<ol>2. April 2009<br \/>\nTeilnahme an der 2. Mitgliederversammlung der <a href=\"http:\/\/www.konsortien.at\/\">Kooperation e-Medien \u00d6sterreich<\/a> an der UB der Technischen Universit\u00e4t Wien<\/ol>\n<ol>21. April 2009<br \/>\nTeilnahme an Informationsveranstaltung der <a href=\"http:\/\/www.konsortien.at\/\">Kooperation e-Medien \u00d6sterreich<\/a> (Marie Ann Liebert) an der UB der Medizinischen Universit\u00e4t Wien [2]<\/ol>\n<ol>21. April 2009<br \/>\nSitzung der ARGE Strategische Planung im <a href=\"http:\/\/www.obvsg.at\">\u00d6sterreichischen Bibliothekenverbund<\/a><\/ol>\n<ol>23. April 2009<br \/>\nAbteilungsleiterInnen-Workshop (Teil I) im Rektorat der Med Uni Wien <\/ol>\n<p><!--more--><br \/>\n<strong>MAI 2009<\/strong><\/p>\n<ol>4. Mai 2009<br \/>\nTeilnahme am <a href=\"http:\/\/www.onb.ac.at\/ausbildung\/brainpool_seminare.htm\">Brain Pool-Seminar<\/a> zum Thema &#8222;(BenutzerInnen)daten sch\u00fctzen, speichern, n\u00fctzen&#8220; an der \u00d6sterreichischen Nationalbibliothek [2]<\/ol>\n<ol>6. Mai 2009<br \/>\nTeilnahme am Verbundtag des <a href=\"http:\/\/www.obvsg.at\">\u00d6sterreichischen Bibliothekenverbundes<\/a> an der <a href=\"http:\/\/www.fh-burgenland.at\/\">Fachhochschule Burgenland<\/a> in Eisenstadt [3]<\/ol>\n<ol>7. Mai 2009<br \/>\nTeilnahme an der Vollversammlung des <a href=\"http:\/\/www.obvsg.at\">\u00d6sterreichischen Bibliothekenverbundes<\/a> an der <a href=\"http:\/\/www.fh-burgenland.at\/\">Fachhochschule Burgenland<\/a> in Eisenstadt<\/ol>\n<ol>20. Mai 2009<br \/>\nTeilnahme an der 3. Mitgliederversammlung der <a href=\"http:\/\/www.konsortien.at\/\">Kooperation e-Medien \u00d6sterreich<\/a> an der UB der Technischen Universit\u00e4t Wien<\/ol>\n<ol>27.-28. Mai 2009<br \/>\nTeilnahme am <a href=\"http:\/\/www.onb.ac.at\/ausbildung\/brainpool_seminare.htm\">Brain Pool-Seminar<\/a> zum Thema &#8222;Wissenschaftliche Volltext-Ressourcen: Einf\u00fchrung in die Welt der e-Zeitschriften und e-B\u00fccher&#8220; an der \u00d6sterreichischen Nationalbibliothek<\/ol>\n<ol>29. Mai 2009<br \/>\nTeilnahme an Veranstaltung &#8222;MitarbeiterInnengespr\u00e4ch&#8220; der <a href=\"http:\/\/www.meduniwien.ac.at\/bemaw\/bemaw\/index.php\">Besonderen Einrichtung f\u00fcr Medizinische Aus- und Weiterbildung<\/a> der Med Uni Wien<\/ol>\n<ol>29. Mai 2009<br \/>\nAbteilungsleiterInnen-Workshop (Teil II) im Rektorat der Med Uni Wien <\/ol>\n<p><strong>JUNI 2009<\/strong><\/p>\n<ol>2. &#8211; 4. Juni 2009<br \/>\nTeilnahme am <a href=\"http:\/\/www.bibliothekartag2009.de\/\">98. Deutschen Bibliothekartag<\/a> in Erfurt: Einneuer Blick auf Bibliotheken<\/ol>\n<ol>17.-19. Juni 2009<br \/>\nTeilnahme an der Klausurtagung der <a href=\"http:\/\/www.uibk.ac.at\/voeb\/arge-dir\/\">Arbeitsgemeinschaft der Bibliotheksdirektorinnen und Bibliotheksdirektoren<\/a> in Obergurgl \/ Tirol<\/ol>\n<ol>18. Juni 2009<br \/>\nSitzung der <a href=\"http:\/\/www.univie.ac.at\/voeb\/php\/index.php\">V\u00d6B<\/a>-Arbeitsgruppe Provenienzforschung an der Med Uni Wien<\/ol>\n<ol>30. Juni 2009<br \/>\nTeilnahme an der 4. Mitgliederversammlung der <a href=\"http:\/\/www.konsortien.at\/\">Kooperation e-Medien \u00d6sterreich<\/a> an der UB der Technischen Universit\u00e4t Wien [3]<\/ol>\n<ol>30. Juni 2009<br \/>\nAbteilungsleiterInnen-Workshop (Teil III) im Rektorat der Med Uni Wien <\/ol>\n<p>******************************************************************<\/p>\n<p>Seit 6. November 2008 nimmt Herr Mag. Marian Miehl am <a href=\"http:\/\/www.onb.ac.at\/ausbildung\/universitaetslehrgang.htm\">Universit\u00e4tslehrgang Library and Information Sciences<\/a> \/ Grundlehrgang an der \u00d6sterreichischen Nationalbibliothek teil.<br \/>\nSeit 30. April 2009 nimmt Herr Mag. Daniel Formanek am <a href=\"http:\/\/www.onb.ac.at\/ausbildung\/universitaetslehrgang.htm\">Universit\u00e4tslehrgang Library and Information Sciences<\/a> \/ Aufbaulehrgang an der \u00d6sterreichischen Nationalbibliothek teil.<\/p>\n<p>******************************************************************<\/p>\n<p><em>Fort- und Weiterbildung der Mitarbeiterinnen und Mitarbeiter sowie die aktive Beteiligung in nationalen und internationalen Fachgremien sind wesentliche Kritierien f\u00fcr die positive Weiterentwicklung von Bibliotheken. Um transparent zu machen, wie die Universit\u00e4tsbibliothek der Med Uni Wien diesem Anspruch gerecht zu werden versucht, werden die entsprechenden Ma\u00dfnahmen quartalsweise im Weblog ver\u00f6ffentlicht.<\/p>\n<ol><a href=\"https:\/\/ub-blog.meduniwien.ac.at\/blog\/?p=159\">Fort- und Weiterbildung von MitarbeiterInnen der Ub Med Uni Wien 2007<\/a> (8. Mai 2007)<\/ol>\n<ol><a href=\"https:\/\/ub-blog.meduniwien.ac.at\/blog\/?p=214\">Fort- und Weiterbildung von MitarbeiterInnen der Ub Med Uni Wien II\/2007<\/a> (5. Juli 2007)<\/ol>\n<ol><a href=\"https:\/\/ub-blog.meduniwien.ac.at\/blog\/?p=358\">Fort- und Weiterbildung von MitarbeiterInnen der Ub Med Uni Wien III\/2007<\/a> (1. Oktober 2007)<\/ol>\n<ol><a href=\"https:\/\/ub-blog.meduniwien.ac.at\/blog\/?p=516\">Fort- und Weiterbildung von MitarbeiterInnen der Ub Med Uni Wien IV\/2007<\/a> (2. Januar 2008)<\/ol>\n<ol><a href=\"https:\/\/ub-blog.meduniwien.ac.at\/blog\/?p=871\">Fort- und Weiterbildung von MitarbeiterInnen der Ub Med Uni Wien I\/2008(<\/a> (1. April 2008)<\/ol>\n<ol><a href=\"https:\/\/ub-blog.meduniwien.ac.at\/blog\/?p=1013\">Fort- und Weiterbildung von MitarbeiterInnen der Ub Med Uni Wien II\/2008(<\/a> (4. Juli 2008)<\/ol>\n<ol><a href=\"https:\/\/ub-blog.meduniwien.ac.at\/blog\/?p=1168\">Fort- und Weiterbildung von MitarbeiterInnen der Ub Med Uni Wien III\/2008(<\/a> (1. Oktober 2008)<\/ol>\n<ol><a href=\"https:\/\/ub-blog.meduniwien.ac.at\/blog\/?p=1364\">Fort- und Weiterbildung von MitarbeiterInnen der Ub Med Uni Wien IV\/2008(<\/a> (4. Januar 2009)<\/ol>\n<ol><a href=\"https:\/\/ub-blog.meduniwien.ac.at\/blog\/?p=1489\">Fort- und Weiterbildung von MitarbeiterInnen der Ub Med Uni Wien I\/2009(<\/a> (7. April 2009)<\/ol>\n<p><\/em><\/p>\n<p><img src='https:\/\/ub-blog.meduniwien.ac.at\/blog\/wp-content\/uploads\/2007\/09\/swieten1d.jpg' alt='swieten1d.jpg' \/><br \/>\nBitte zitieren als<br \/>\nVAN SWIETEN BLOG: Informationen der Universit\u00e4tsbibliothek der Med Uni Wien,<br \/>\nNr. 1760 [1. Juli 2009].<br \/>\nOnline unter der URL: https:\/\/ub-blog.meduniwien.ac.at\/blog\/?p=1760<\/p>\n","protected":false},"excerpt":{"rendered":"<p>Aktivit\u00e4ten der Fort- und Weiterbildung sowie nationaler und internationaler Kooperation in den Monaten April bis Juni 2009: APRIL 2009 1. April 2009 Teilnahme am Brain Pool-Seminar zum Thema &#8222;English for Library Staff&#8220; an der \u00d6sterreichischen Nationalbibliothek [2] 2. April 2009 Teilnahme an der 2. Mitgliederversammlung der Kooperation e-Medien \u00d6sterreich an der UB der Technischen Universit\u00e4t &hellip; <a href=\"https:\/\/ub.meduniwien.ac.at\/blog\/?p=1760\" class=\"more-link\"><span class=\"screen-reader-text\">Fort- und Weiterbildung der Ub Med Uni Wien II\/2009 (April &#8211; Juni 2009)<\/span> weiterlesen <span class=\"meta-nav\">&rarr;<\/span><\/a><\/p>\n","protected":false},"author":2,"featured_media":0,"comment_status":"open","ping_status":"open","sticky":false,"template":"","format":"standard","meta":{"ngg_post_thumbnail":0,"footnotes":""},"categories":[1,2,16,42],"tags":[],"class_list":["post-1760","post","type-post","status-publish","format-standard","hentry","category-allgemeines","category-news","category-news1","category-ub-med-uni-wien-intern"],"views":50643,"_links":{"self":[{"href":"https:\/\/ub.meduniwien.ac.at\/blog\/index.php?rest_route=\/wp\/v2\/posts\/1760","targetHints":{"allow":["GET"]}}],"collection":[{"href":"https:\/\/ub.meduniwien.ac.at\/blog\/index.php?rest_route=\/wp\/v2\/posts"}],"about":[{"href":"https:\/\/ub.meduniwien.ac.at\/blog\/index.php?rest_route=\/wp\/v2\/types\/post"}],"author":[{"embeddable":true,"href":"https:\/\/ub.meduniwien.ac.at\/blog\/index.php?rest_route=\/wp\/v2\/users\/2"}],"replies":[{"embeddable":true,"href":"https:\/\/ub.meduniwien.ac.at\/blog\/index.php?rest_route=%2Fwp%2Fv2%2Fcomments&post=1760"}],"version-history":[{"count":14,"href":"https:\/\/ub.meduniwien.ac.at\/blog\/index.php?rest_route=\/wp\/v2\/posts\/1760\/revisions"}],"predecessor-version":[{"id":2569,"href":"https:\/\/ub.meduniwien.ac.at\/blog\/index.php?rest_route=\/wp\/v2\/posts\/1760\/revisions\/2569"}],"wp:attachment":[{"href":"https:\/\/ub.meduniwien.ac.at\/blog\/index.php?rest_route=%2Fwp%2Fv2%2Fmedia&parent=1760"}],"wp:term":[{"taxonomy":"category","embeddable":true,"href":"https:\/\/ub.meduniwien.ac.at\/blog\/index.php?rest_route=%2Fwp%2Fv2%2Fcategories&post=1760"},{"taxonomy":"post_tag","embeddable":true,"href":"https:\/\/ub.meduniwien.ac.at\/blog\/index.php?rest_route=%2Fwp%2Fv2%2Ftags&post=1760"}],"curies":[{"name":"wp","href":"https:\/\/api.w.org\/{rel}","templated":true}]}}