{"id":1489,"date":"2009-04-07T16:00:31","date_gmt":"2009-04-07T15:00:31","guid":{"rendered":"https:\/\/ub-blog.meduniwien.ac.at\/blog\/?p=1489"},"modified":"2009-04-08T15:09:26","modified_gmt":"2009-04-08T14:09:26","slug":"fort-und-weiterbildung-der-ub-med-uni-wien-i2009-januar-marz-2009","status":"publish","type":"post","link":"https:\/\/ub.meduniwien.ac.at\/blog\/?p=1489","title":{"rendered":"Fort- und Weiterbildung der Ub Med Uni Wien I\/2009 (Januar &#8211; M\u00e4rz 2009)"},"content":{"rendered":"<p><strong>Aktivit\u00e4ten der Fort- und Weiterbildung sowie nationaler und internationaler Kooperation in den Monaten Januar bis M\u00e4rz 2009:<\/strong><\/p>\n<p><strong>JANUAR 2009<\/strong><\/p>\n<ol>8. Januar 2009<br \/>\nTeilnahme an der Sitzung einer Arbeitsgruppe <em>Open Access Publishing<\/em> der <a href=\"http:\/\/www.reko.ac.at\/\">\u00d6sterreichischen Universit\u00e4tenkonferenz<\/a><\/ol>\n<ol>12. Januar 2009<br \/>\nTeilnahme an der <a href=\"http:\/\/www.obvsg.at\/uploads\/media\/PM-bibliothekenverbund-1.pdf\">Festveranstaltung<\/a> <em>10 Jahre Aleph im <a href=\"http:\/\/www.obvsg.at\/\">\u00d6sterreichischen Bibliothekenverbundes<\/a><\/em>, Pallais Pallavicini [2]<\/ol>\n<ol>19. Januar 2009<br \/>\nSitzung der Vergabekommission des <a href=\"http:\/\/www.ub.tuwien.ac.at\/vfi\/VFI_Preis.html\">VFI-Preises<\/a> (<a href=\"http:\/\/www.ub.tuwien.ac.at\/vfi\/\">Verein zur F\u00f6rderung der Informationswissenschaft<\/a>), OBVSG<\/ol>\n<ol>21. Januar 2009<br \/>\n<a href=\"http:\/\/www.minerva.at\">Minerva Ebsco<\/a>: <em>Tag der Offenen T\u00fcr<\/em> [3]<\/ol>\n<ol>28. Januar 2009<br \/>\nTeilnahme an der 1. Mitgliederversammlung der <a href=\"http:\/\/www.konsortien.at\/\">Kooperation e-Medien \u00d6sterreich<\/a> an der UB der Technischen Universit\u00e4t Wien<\/ol>\n<p><!--more--><br \/>\n<strong>FEBRUAR 2009<\/strong><\/p>\n<ol>3.-5. Februar 2009<br \/>\n<a href=\"http:\/\/conference.ub.uni-bielefeld.de\/\">9. International Bielefeld Conference<\/a>: <em>Upgrading the eLibrary: Enhanced InformatIon Services Driven by Technology and Economics<\/em><\/ol>\n<ol>26. Februar 2009<br \/>\n<a href=\"http:\/\/www.univie.ac.at\/voeb\/blog\/?p=573\">V\u00d6B-Seminar<\/a>: <em>Nutzungsstatistiken f\u00fcr E-Zeitschriften: Definition, Erhebung, Interpretation<\/em> an der Universit\u00e4ts- und Landesbibliothek Innsbruck<\/ol>\n<p><strong>M\u00c4RZ 2009<\/strong><\/p>\n<ol>5. M\u00e4rz 2009<br \/>\nSitzung der ARGE Strategische Planung im <a href=\"http:\/\/www.obvsg.at\">\u00d6sterreichischen Bibliothekenverbund<\/a><\/ol>\n<ol>9. M\u00e4rz 2009<br \/>\nTeilnahme an Vorstandsitzung der <a href=\"http:\/\/www.agmb.de\">Arbeitsgemeinschaft f\u00fcr Medizinisches Bibliothekswesen<\/a> (AGMB), Universit\u00e4tsbibliothek W\u00fcrzburg<\/ol>\n<ol>11. M\u00e4rz 2009<br \/>\n<a href=\"http:\/\/www.univie.ac.at\/voeb\/blog\/?p=888\">Fortbildungsseminar<\/a>: <em>Argumentieren und Planen auf der Grundlage des <a href=\"http:\/\/www.bix-bibliotheksindex.de\">Bibliotheksindex &#8211; BIX<\/a><\/em> [3]<\/ol>\n<ol>12. M\u00e4rz 2009<br \/>\nSitzung der <a href=\"http:\/\/www.uibk.ac.at\/voeb\/arge-dir\/\">Arbeitsgemeinschaft der Bibliotheksdirektorinnen und Bibliotheksdirektoren \u00d6sterreichs<\/a> an der Universit\u00e4tsbibliothek der Technischen Universit\u00e4t Wien<\/ol>\n<ol>19. M\u00e4rz 2009<br \/>\nAnwendertreffen von <a href=\"http:\/\/www.subito-doc.de\">subito e.V.<\/a> in Berlin<\/ol>\n<ol>26. M\u00e4rz 2009<br \/>\nPr\u00e4sentation von Plagiatpr\u00fcfungssoftwareanbietern an der Universit\u00e4tsbibliothek der Med Uni Wien [5]<\/ol>\n<ol>31. M\u00e4rz &#8211; 1. April 2009<br \/>\nTeilnahme am <a href=\"http:\/\/www.obvsg.at\/wir-ueber-uns\/termine\/raw\/?tx_p2events_pi1%5Bdetail%5D=36\">18. Systembibliothekarstreffen<\/a> (<em>SysBib- und SysAdmin<\/em>) an der \u00d6sterreichischen Nationalbibliothek [3]<\/ol>\n<p>*****************************************<br \/>\nSeit 6. November 2008 nimmt Herr Marian Miehl, ein Mitarbeiter der Universit\u00e4tsbibliothek der Med Uni Wien, am <a href=\"http:\/\/www.onb.ac.at\/ausbildung\/universitaetslehrgang.htm\">Universit\u00e4tslehrgang Library and Information Sciences<\/a> an der \u00d6sterreichischen Nationalbibliothek teil.<br \/>\n*****************************************<\/p>\n<p><em>Fort- und Weiterbildung der Mitarbeiterinnen und Mitarbeiter sowie die aktive Beteiligung in nationalen und internationalen Fachgremien sind wesentliche Kritierien f\u00fcr die positive Weiterentwicklung von Bibliotheken. Um transparent zu machen, wie die Universit\u00e4tsbibliothek der Med Uni Wien diesem Anspruch gerecht zu werden versucht, werden die entsprechenden Ma\u00dfnahmen quartalsweise im Weblog ver\u00f6ffentlicht.<\/p>\n<ol><a href=\"https:\/\/ub-blog.meduniwien.ac.at\/blog\/?p=159\">Fort- und Weiterbildung von MitarbeiterInnen der Ub Med Uni Wien 2007<\/a> (8. Mai 2007)<\/ol>\n<ol><a href=\"https:\/\/ub-blog.meduniwien.ac.at\/blog\/?p=214\">Fort- und Weiterbildung von MitarbeiterInnen der Ub Med Uni Wien II\/2007<\/a> (5. Juli 2007)<\/ol>\n<ol><a href=\"https:\/\/ub-blog.meduniwien.ac.at\/blog\/?p=358\">Fort- und Weiterbildung von MitarbeiterInnen der Ub Med Uni Wien III\/2007<\/a> (1. Oktober 2007)<\/ol>\n<ol><a href=\"https:\/\/ub-blog.meduniwien.ac.at\/blog\/?p=516\">Fort- und Weiterbildung von MitarbeiterInnen der Ub Med Uni Wien IV\/2007<\/a> (2. Januar 2008)<\/ol>\n<ol><a href=\"https:\/\/ub-blog.meduniwien.ac.at\/blog\/?p=871\">Fort- und Weiterbildung von MitarbeiterInnen der Ub Med Uni Wien I\/2008(<\/a> (1. April 2008)<\/ol>\n<ol><a href=\"https:\/\/ub-blog.meduniwien.ac.at\/blog\/?p=1013\">Fort- und Weiterbildung von MitarbeiterInnen der Ub Med Uni Wien II\/2008(<\/a> (4. Juli 2008)<\/ol>\n<ol><a href=\"https:\/\/ub-blog.meduniwien.ac.at\/blog\/?p=1168\">Fort- und Weiterbildung von MitarbeiterInnen der Ub Med Uni Wien III\/2008(<\/a> (1. Oktober 2008)<\/ol>\n<ol><a href=\"https:\/\/ub-blog.meduniwien.ac.at\/blog\/?p=1364\">Fort- und Weiterbildung von MitarbeiterInnen der Ub Med Uni Wien IV\/2008(<\/a> (4. Januar 2009)<\/ol>\n<p><\/em><\/p>\n<p><img src='https:\/\/ub-blog.meduniwien.ac.at\/blog\/wp-content\/uploads\/2007\/09\/swieten1d.jpg' alt='swieten1d.jpg' \/><br \/>\nBitte zitieren als<br \/>\nVAN SWIETEN BLOG: Informationen der Universit\u00e4tsbibliothek der Med Uni Wien,<br \/>\nNr. 1489 [7. April 2009].<br \/>\nOnline unter der URL: https:\/\/ub-blog.meduniwien.ac.at\/blog\/?p=1489<\/p>\n","protected":false},"excerpt":{"rendered":"<p>Aktivit\u00e4ten der Fort- und Weiterbildung sowie nationaler und internationaler Kooperation in den Monaten Januar bis M\u00e4rz 2009: JANUAR 2009 8. Januar 2009 Teilnahme an der Sitzung einer Arbeitsgruppe Open Access Publishing der \u00d6sterreichischen Universit\u00e4tenkonferenz 12. Januar 2009 Teilnahme an der Festveranstaltung 10 Jahre Aleph im \u00d6sterreichischen Bibliothekenverbundes, Pallais Pallavicini [2] 19. Januar 2009 Sitzung der &hellip; <a href=\"https:\/\/ub.meduniwien.ac.at\/blog\/?p=1489\" class=\"more-link\"><span class=\"screen-reader-text\">Fort- und Weiterbildung der Ub Med Uni Wien I\/2009 (Januar &#8211; M\u00e4rz 2009)<\/span> weiterlesen <span class=\"meta-nav\">&rarr;<\/span><\/a><\/p>\n","protected":false},"author":2,"featured_media":0,"comment_status":"open","ping_status":"open","sticky":false,"template":"","format":"standard","meta":{"ngg_post_thumbnail":0,"footnotes":""},"categories":[1,2,16,42],"tags":[],"class_list":["post-1489","post","type-post","status-publish","format-standard","hentry","category-allgemeines","category-news","category-news1","category-ub-med-uni-wien-intern"],"views":52009,"_links":{"self":[{"href":"https:\/\/ub.meduniwien.ac.at\/blog\/index.php?rest_route=\/wp\/v2\/posts\/1489","targetHints":{"allow":["GET"]}}],"collection":[{"href":"https:\/\/ub.meduniwien.ac.at\/blog\/index.php?rest_route=\/wp\/v2\/posts"}],"about":[{"href":"https:\/\/ub.meduniwien.ac.at\/blog\/index.php?rest_route=\/wp\/v2\/types\/post"}],"author":[{"embeddable":true,"href":"https:\/\/ub.meduniwien.ac.at\/blog\/index.php?rest_route=\/wp\/v2\/users\/2"}],"replies":[{"embeddable":true,"href":"https:\/\/ub.meduniwien.ac.at\/blog\/index.php?rest_route=%2Fwp%2Fv2%2Fcomments&post=1489"}],"version-history":[{"count":0,"href":"https:\/\/ub.meduniwien.ac.at\/blog\/index.php?rest_route=\/wp\/v2\/posts\/1489\/revisions"}],"wp:attachment":[{"href":"https:\/\/ub.meduniwien.ac.at\/blog\/index.php?rest_route=%2Fwp%2Fv2%2Fmedia&parent=1489"}],"wp:term":[{"taxonomy":"category","embeddable":true,"href":"https:\/\/ub.meduniwien.ac.at\/blog\/index.php?rest_route=%2Fwp%2Fv2%2Fcategories&post=1489"},{"taxonomy":"post_tag","embeddable":true,"href":"https:\/\/ub.meduniwien.ac.at\/blog\/index.php?rest_route=%2Fwp%2Fv2%2Ftags&post=1489"}],"curies":[{"name":"wp","href":"https:\/\/api.w.org\/{rel}","templated":true}]}}