{"id":1468,"date":"2010-06-05T11:31:00","date_gmt":"2010-06-05T10:31:00","guid":{"rendered":"https:\/\/ub-blog.meduniwien.ac.at\/blog\/?p=1468"},"modified":"2010-05-27T15:47:21","modified_gmt":"2010-05-27T14:47:21","slug":"icones-plantarum-medicinalium-des-joseph-jacob-plenck-14-schollkraut-chelidonum-majus-l-das-grosse-schellkraut","status":"publish","type":"post","link":"https:\/\/ub.meduniwien.ac.at\/blog\/?p=1468","title":{"rendered":"Icones Plantarum Medicinalium des Joseph Jacob Plenck (14): Sch\u00f6llkraut &#8211; Chelidonum majus L. (Das grosse Schellkraut)"},"content":{"rendered":"<p><strong>Sch\u00f6llkraut &#8211; Chelidonum majus L. (Das grosse Schellkraut)<\/strong> von Mag. Gilbert Zinsler<br \/>\nPlenck Bd. 5, Tab. 419<\/p>\n<div><embed src=\"http:\/\/www.imageloop.com\/swf\/looopSlider2.swf\" flashvars=\"id=611ed5e0-3c2a-1167-824d-12313b0301a1&amp;c=01,01,02,01\" type=\"application\/x-shockwave-flash\" quality=\"high\" scale=\"noscale\" salign=\"l\" wmode=\"transparent\" allowScriptAccess=\"always\" width=\"425\" height=\"300\" style=\"width:425px;height:300px;\"\/><\/p>\n<div lang=\"de\" xml:lang=\"de\" style=\"width:425px;padding-top:3px;\"><a href=\"http:\/\/www.imageloop.com\/setuplooop.htm\" target=\"_blank\"><a href=\"http:\/\/www.imageloop.com\/slideshow\/611ed5e0-3c2a-1167-824d-12313b0301a1\" target=\"_blank\"><\/div>\n<\/div>\n<p>Die gesamte Pflanze f\u00fchrt einen <strong>gelben Milchsaft<\/strong>. Das <strong>Sch\u00f6llkraut<\/strong> w\u00e4chst an <strong>Mauern, Wegen, Schuttpl\u00e4tzen<\/strong> und an <strong>Waldr\u00e4ndern<\/strong> auf stickstoffhaltigem Boden.<\/p>\n<p>Sch\u00f6llkraut enth\u00e4lt verschiedene <strong>Alkaloide<\/strong>, unter anderem das <strong>Chelerythrin<\/strong>, und ist daher <strong>giftig<\/strong>. Der h\u00f6chste Wirkstoffgehalt findet sich in den <strong>Wurzeln<\/strong>. Eine Vergiftung hat <strong>Magen- und Darmbeschwerden<\/strong>, teils mit <strong>blutigen Durchf\u00e4llen<\/strong>, <strong>Erbrechen<\/strong> und <strong>Kr\u00e4mpfe<\/strong> zur Folge. Ferner kommt es zu Brennen im Mund- und Rachenbereich, mit Blasenbildung im Mund und zu Kreislaufst\u00f6rungen, beschleunigter Atmung und Benommenheit.<\/p>\n<p>Medizinische Verwendung fand das Sch\u00f6llkraut als <strong>Tee<\/strong> bei <strong>Erkrankungen von Leber und Galle <\/strong>und wurde auch als <strong>krampfl\u00f6sendes Mittel <\/strong>angewendet.<\/p>\n<p>In der <strong>Volksmedizin <\/strong>und in der <strong>Hom\u00f6opathie<\/strong> wird der <strong>Presssaft<\/strong> der Pflanze \u00e4u\u00dferlich bei <strong>Hauterkrankungen<\/strong> wie <strong>Warzen <\/strong>verwendet. Die <strong>eiwei\u00dfaufl\u00f6sende<\/strong>, <strong>antivirale<\/strong> Wirkung unterst\u00fctzt dabei die Heilung. Hierzu empfiehlt es <strong>Plenck<\/strong>:<\/p>\n<blockquote><p>\u00c4usserlich wird der Saft, oder der mit Wasser verd\u00fcnnte Extrackt in die Flecke der Hornhaut und ohne Wasser in weiche Warzen, Flechten und unreine Geschw\u00fcre eingerieben. Auch wenn die Anwendung im Auge der medizinischen Tradition der Antike entsprach, erscheint sie heute benso wenig zeitgem\u00e4\u00df wie folgender Hinweis: In der von Missbrauch des Branntweines entstandenen Wassersucht trinken die Warschauer den Aufguss vom Kraute und der Wurzel mit Bier, wovon sie oft nach sehr h\u00e4ufigen Urinlassen geheilet werden sollen.<\/p><\/blockquote>\n<p>Verschiedenen <strong>Inhaltsstoffen des Sch\u00f6llkrauts <\/strong>werden aber auch immer wieder zytostatische Eigenschaften nachgesagt und diese werden seit l\u00e4ngerem zur <strong>Krebsbehandlung<\/strong> erwogen.<\/p>\n<p><strong>Weitere Beitr\u00e4ge von <a href=\"https:\/\/ub-blog.meduniwien.ac.at\/blog\/?p=322\">Mag. Gilbert Zinsler<\/a>:<\/strong><br \/>\n<strong><a href=\"https:\/\/ub-blog.meduniwien.ac.at\/blog\/?p=4835\">Icones Plantarum Medicinalium des Joseph Jacob Plenck (13): Gr\u00fcner Tee &#8211; Thea viridis L. (Der gr\u00fcne Thee)<\/a><\/strong><br \/>\n<strong><a href=\"https:\/\/ub-blog.meduniwien.ac.at\/blog\/?p=4378\">Icones Plantarum Medicinalium des Joseph Jacob Plenck (12): Die gemeine Muskatnuss &#8211; Myristica officinalis. L. <\/a><\/strong><br \/>\n<strong><a href=\"https:\/\/ub-blog.meduniwien.ac.at\/blog\/?p=3716\">Icones Plantarum Medicinalium des Joseph Jacob Plenck (11): Vanille &#8211; Epidendum vanilla L.<\/a><\/strong><br \/>\n<strong><a href=\"https:\/\/ub-blog.meduniwien.ac.at\/blog\/?p=2648\">Icones Plantarum Medicinalium des Joseph Jacob Plenck (10): Broccoli &#8211; Brassica oleracea italica L. (Der Brocculi) Plenck Bd. 6, Tab.534 <\/a><\/strong><br \/>\n<strong><a href=\"https:\/\/ub-blog.meduniwien.ac.at\/blog\/?p=1983\">Icones Plantarum Medicinalium des Joseph Jacob Plenck (09): Zitrone &#8211; Citrus medica L. (Die gemeine Citrone)<\/a><\/strong><!--more--><br \/>\n<strong><a href=\"https:\/\/ub-blog.meduniwien.ac.at\/blog\/?p=1469\">Icones Plantarum Medicinalium des Joseph Jacob Plenck (08): Schlafmohn &#8211; Papaver somniferum L. (Der schlafmachende Mohn)<\/a><\/strong><br \/>\n<strong><a href=\"https:\/\/ub-blog.meduniwien.ac.at\/blog\/?p=1481\">Icones Plantarum Medicinalium des Joseph Jacob Plenck (07): Ananas &#8211; Bromelia Ananas L. (Die Ananas)<\/a><\/strong><br \/>\n<strong><a href=\"https:\/\/ub-blog.meduniwien.ac.at\/blog\/?p=1467\">Icones Plantarum Medicinalium des Joseph Jacob Plenck (06): Johanniskraut \u2013 Hypericum perforatum L. (Das durchgebohrte Johanniskraut)<\/a><\/strong><br \/>\n<strong><a href=\"https:\/\/ub-blog.meduniwien.ac.at\/blog\/?p=1466\">Icones Plantarum Medicinalium des Joseph Jacob Plenck (05): Hollunder &#8211; Sambucus nigra L. (Der gemeine Holder)<\/a><\/strong><br \/>\n<strong><a href=\"https:\/\/ub-blog.meduniwien.ac.at\/blog\/?p=1447\">Icones Plantarum Medicinalium des Joseph Jacob Plenck (04): Veilchen &#8211; Viola odorata L. (Das wohlriechende Veilchen)<\/a><\/strong><br \/>\n<strong><a href=\"https:\/\/ub-blog.meduniwien.ac.at\/blog\/?p=1410\">Icones Plantarum Medicinalium des Joseph Jacob Plenck (03): S\u00fc\u00dfholz &#8211; Glyzirrhiza glabra L. (Das fettglattige S\u00fc\u00dfholz)<\/a><\/strong><br \/>\n<strong><a href=\"https:\/\/ub-blog.meduniwien.ac.at\/blog\/?p=1383\">Icones Plantarum Medicinalium des Joseph Jacob Plenck (02): Immergr\u00fcn &#8211; Vinca minor L. (Der kleine Singr\u00fcn)<\/a><\/strong><br \/>\n<strong><a href=\"https:\/\/ub-blog.meduniwien.ac.at\/blog\/?p=1381\">Icones Plantarum Medicinalium des Joseph Jacob Plenck (01)<\/a><\/strong><!--more--><br \/>\n<strong><a href=\"https:\/\/ub-blog.meduniwien.ac.at\/blog\/?p=1087\">Gastbeitrag zum Hortus Eystettensis: Sonnenblumen: Der Sonne entgegen &#8211; (Hortus Eystettensis 11)<\/a><\/strong><br \/>\n<strong><a href=\"https:\/\/ub-blog.meduniwien.ac.at\/blog\/?p=986\">Gastbeitrag zum Hortus Eystettensis: Das Maigl\u00f6ckchen &#8211; Das botanische Sinnbild der Unschuld (Hortus Eystettensis 10)<\/a><\/strong><br \/>\n<strong><a href=\"https:\/\/ub-blog.meduniwien.ac.at\/blog\/?p=877\">Gastbeitrag zum Hortus Eystettensis: Tulpen: Vom persischen Turban zur Tulpomanie (Hortus Eystettensis 09)<\/a><\/strong><br \/>\n<strong><a href=\"https:\/\/ub-blog.meduniwien.ac.at\/blog\/?p=734\">Gastbeitrag zum Hortus Eystettensis: Boten des Fr\u00fchlings (2.Teil): Kuhschelle (Hortus Eystettensis08)<\/a><\/strong><br \/>\n<a href=\"https:\/\/ub-blog.meduniwien.ac.at\/blog\/?p=733\"><strong>Gastbeitrag zum Hortus Eystettensis: Boten des Fr\u00fchlings: (1.Teil): Huflattich (Hortus Eystettensis 07)<\/strong><\/a><br \/>\n<strong><a href=\"https:\/\/ub-blog.meduniwien.ac.at\/blog\/?p=555\">Gastbeitrag zum Hortus Eystettensis: Kartoffel &#8211; oder wie Amerika die Welt ver\u00e4nderte (Hortus Eystettensis 06)<\/a><\/strong><br \/>\n<a href=\"https:\/\/ub-blog.meduniwien.ac.at\/blog\/?p=477\"><strong>Gastbeitrag zum Hortus Eystettensis: Artischocke &#8211; Verdauungsf\u00f6rderndes f\u00fcr das weihnachtliche Festmahl (Hortus Eystettensis 05)<\/strong><\/a><br \/>\n<strong><a href=\"https:\/\/ub-blog.meduniwien.ac.at\/blog\/?p=434\">Gastbeitrag zum Hortus Eystettensis: Capsicum sp. (Hortus Eystettensis 04)<\/a><\/strong><br \/>\n<a href=\"https:\/\/ub-blog.meduniwien.ac.at\/blog\/?p=399\"><strong>Gastbeitrag zum Hortus Eystettensis \u2013 botanische Sammelleidenschaft und barocke Pracht (Hortus Eystettensis 03)<\/strong><\/a><br \/>\n<a href=\"https:\/\/ub-blog.meduniwien.ac.at\/blog\/?p=412\"><strong>Gastbeitrag zum Hortus Eystettensis: Tabak (Hortus Eystettensis 02)<\/strong><\/a><br \/>\n<a href=\"https:\/\/ub-blog.meduniwien.ac.at\/blog\/?p=427\"><strong>Gastbeitrag zum Hortus Eystettensis: Botanik im Spiegel der Jahreszeiten (Hortus Eystettensis 01)<strong><\/strong><\/strong><\/a><\/p>\n","protected":false},"excerpt":{"rendered":"<p>Sch\u00f6llkraut &#8211; Chelidonum majus L. (Das grosse Schellkraut) von Mag. Gilbert Zinsler Plenck Bd. 5, Tab. 419 Die gesamte Pflanze f\u00fchrt einen gelben Milchsaft. Das Sch\u00f6llkraut w\u00e4chst an Mauern, Wegen, Schuttpl\u00e4tzen und an Waldr\u00e4ndern auf stickstoffhaltigem Boden. Sch\u00f6llkraut enth\u00e4lt verschiedene Alkaloide, unter anderem das Chelerythrin, und ist daher giftig. Der h\u00f6chste Wirkstoffgehalt findet sich in &hellip; <a href=\"https:\/\/ub.meduniwien.ac.at\/blog\/?p=1468\" class=\"more-link\"><span class=\"screen-reader-text\">Icones Plantarum Medicinalium des Joseph Jacob Plenck (14): Sch\u00f6llkraut &#8211; Chelidonum majus L. (Das grosse Schellkraut)<\/span> weiterlesen <span class=\"meta-nav\">&rarr;<\/span><\/a><\/p>\n","protected":false},"author":2,"featured_media":0,"comment_status":"open","ping_status":"open","sticky":false,"template":"","format":"standard","meta":{"ngg_post_thumbnail":0,"footnotes":""},"categories":[33,5,2,16],"tags":[119,120,205],"class_list":["post-1468","post","type-post","status-publish","format-standard","hentry","category-gastbeitrage","category-medizingeschichte","category-news","category-news1","tag-icones-plantarum-medicinalium","tag-joseph-jacob-plenck","tag-schollkraut-chelidonum-majus-l-das-grosse-schellkraut"],"views":36276,"_links":{"self":[{"href":"https:\/\/ub.meduniwien.ac.at\/blog\/index.php?rest_route=\/wp\/v2\/posts\/1468","targetHints":{"allow":["GET"]}}],"collection":[{"href":"https:\/\/ub.meduniwien.ac.at\/blog\/index.php?rest_route=\/wp\/v2\/posts"}],"about":[{"href":"https:\/\/ub.meduniwien.ac.at\/blog\/index.php?rest_route=\/wp\/v2\/types\/post"}],"author":[{"embeddable":true,"href":"https:\/\/ub.meduniwien.ac.at\/blog\/index.php?rest_route=\/wp\/v2\/users\/2"}],"replies":[{"embeddable":true,"href":"https:\/\/ub.meduniwien.ac.at\/blog\/index.php?rest_route=%2Fwp%2Fv2%2Fcomments&post=1468"}],"version-history":[{"count":18,"href":"https:\/\/ub.meduniwien.ac.at\/blog\/index.php?rest_route=\/wp\/v2\/posts\/1468\/revisions"}],"predecessor-version":[{"id":5484,"href":"https:\/\/ub.meduniwien.ac.at\/blog\/index.php?rest_route=\/wp\/v2\/posts\/1468\/revisions\/5484"}],"wp:attachment":[{"href":"https:\/\/ub.meduniwien.ac.at\/blog\/index.php?rest_route=%2Fwp%2Fv2%2Fmedia&parent=1468"}],"wp:term":[{"taxonomy":"category","embeddable":true,"href":"https:\/\/ub.meduniwien.ac.at\/blog\/index.php?rest_route=%2Fwp%2Fv2%2Fcategories&post=1468"},{"taxonomy":"post_tag","embeddable":true,"href":"https:\/\/ub.meduniwien.ac.at\/blog\/index.php?rest_route=%2Fwp%2Fv2%2Ftags&post=1468"}],"curies":[{"name":"wp","href":"https:\/\/api.w.org\/{rel}","templated":true}]}}