{"id":11692,"date":"2012-07-09T09:45:18","date_gmt":"2012-07-09T08:45:18","guid":{"rendered":"https:\/\/ub-blog.meduniwien.ac.at\/blog\/?p=11692"},"modified":"2012-07-31T07:13:57","modified_gmt":"2012-07-31T06:13:57","slug":"kinderbuchausstellung-zum-thema-medizin-3","status":"publish","type":"post","link":"https:\/\/ub.meduniwien.ac.at\/blog\/?p=11692","title":{"rendered":"KINDERBUCHAUSSTELLUNG zum Thema MEDIZIN"},"content":{"rendered":"<p><img loading=\"lazy\" decoding=\"async\" src=\"https:\/\/ub-blog.meduniwien.ac.at\/blog\/wp-content\/uploads\/2009\/09\/kinderbuchausstellung1-300x291.jpg\" alt=\"Kinderbuchausstellung1\" title=\"Kinderbuchausstellung1\" width=\"300\" height=\"291\" class=\"alignleft size-medium wp-image-2229\" srcset=\"https:\/\/ub.meduniwien.ac.at\/blog\/wp-content\/uploads\/2009\/09\/kinderbuchausstellung1-300x291.jpg 300w, https:\/\/ub.meduniwien.ac.at\/blog\/wp-content\/uploads\/2009\/09\/kinderbuchausstellung1.jpg 500w\" sizes=\"auto, (max-width: 300px) 100vw, 300px\" \/><\/p>\n<blockquote>\n<p>Die Universit\u00e4tsbibliothek beteiligt sich heuer an der Kinderuni <\/p>\n<p>mit der Lehrveranstaltung: Wie sieht der K\u00f6rper innen aus? <\/p>\n<p>Zus\u00e4tzlich wird im Lesesaal eine Kinderbuchausstellung zum <\/p>\n<p>Thema Medizin pr\u00e4sentiert.<\/p>\n<p>Die Buchausstellung findet bis 11.09.12 statt.<\/p>\n<p>Wir laden Sie ein, in den B\u00fcchern<\/p>\n<p>zu schm\u00f6kern und diese nach Ende<\/p>\n<p>der Ausstellung zu entlehnen.<\/p><\/blockquote>\n<p><a href=\"http:\/\/opac.meduniwien.ac.at\/F\/?func=find-b&#038;request=R-790+OR+R-791&#038;find_code=WRD&#038;local_base=ZBM01&#038;x=38&#038;y=10\">KINDERB\u00dcCHER-LINK&#8211;><\/a><\/p>\n","protected":false},"excerpt":{"rendered":"<p>Die Universit\u00e4tsbibliothek beteiligt sich heuer an der Kinderuni mit der Lehrveranstaltung: Wie sieht der K\u00f6rper innen aus? Zus\u00e4tzlich wird im Lesesaal eine Kinderbuchausstellung zum Thema Medizin pr\u00e4sentiert. Die Buchausstellung findet bis 11.09.12 statt. Wir laden Sie ein, in den B\u00fcchern zu schm\u00f6kern und diese nach Ende der Ausstellung zu entlehnen. KINDERB\u00dcCHER-LINK&#8211;><\/p>\n","protected":false},"author":2,"featured_media":0,"comment_status":"open","ping_status":"open","sticky":false,"template":"","format":"standard","meta":{"ngg_post_thumbnail":0,"footnotes":""},"categories":[1,24,11,2,16],"tags":[646],"class_list":["post-11692","post","type-post","status-publish","format-standard","hentry","category-allgemeines","category-books-journals","category-literaturhinweis","category-news","category-news1","tag-kinderbuchausstellung"],"views":45201,"_links":{"self":[{"href":"https:\/\/ub.meduniwien.ac.at\/blog\/index.php?rest_route=\/wp\/v2\/posts\/11692","targetHints":{"allow":["GET"]}}],"collection":[{"href":"https:\/\/ub.meduniwien.ac.at\/blog\/index.php?rest_route=\/wp\/v2\/posts"}],"about":[{"href":"https:\/\/ub.meduniwien.ac.at\/blog\/index.php?rest_route=\/wp\/v2\/types\/post"}],"author":[{"embeddable":true,"href":"https:\/\/ub.meduniwien.ac.at\/blog\/index.php?rest_route=\/wp\/v2\/users\/2"}],"replies":[{"embeddable":true,"href":"https:\/\/ub.meduniwien.ac.at\/blog\/index.php?rest_route=%2Fwp%2Fv2%2Fcomments&post=11692"}],"version-history":[{"count":7,"href":"https:\/\/ub.meduniwien.ac.at\/blog\/index.php?rest_route=\/wp\/v2\/posts\/11692\/revisions"}],"predecessor-version":[{"id":11955,"href":"https:\/\/ub.meduniwien.ac.at\/blog\/index.php?rest_route=\/wp\/v2\/posts\/11692\/revisions\/11955"}],"wp:attachment":[{"href":"https:\/\/ub.meduniwien.ac.at\/blog\/index.php?rest_route=%2Fwp%2Fv2%2Fmedia&parent=11692"}],"wp:term":[{"taxonomy":"category","embeddable":true,"href":"https:\/\/ub.meduniwien.ac.at\/blog\/index.php?rest_route=%2Fwp%2Fv2%2Fcategories&post=11692"},{"taxonomy":"post_tag","embeddable":true,"href":"https:\/\/ub.meduniwien.ac.at\/blog\/index.php?rest_route=%2Fwp%2Fv2%2Ftags&post=11692"}],"curies":[{"name":"wp","href":"https:\/\/api.w.org\/{rel}","templated":true}]}}