{"id":11092,"date":"2012-05-09T12:29:32","date_gmt":"2012-05-09T11:29:32","guid":{"rendered":"https:\/\/ub-blog.meduniwien.ac.at\/blog\/?p=11092"},"modified":"2019-10-29T12:57:51","modified_gmt":"2019-10-29T11:57:51","slug":"buchausstellung-zum-thema-psychoonkologie-komplementarmedizin","status":"publish","type":"post","link":"https:\/\/ub.meduniwien.ac.at\/blog\/?p=11092","title":{"rendered":"Buchausstellung zum Thema: &#8222;Psychoonkologie&#8220;"},"content":{"rendered":"<blockquote><p>Die Universit\u00e4tsbibliothek pr\u00e4sentiert<\/p>\n<p>im Lesesaal eine Auswahl des Buchbestandes<\/p>\n<p>zum Thema &#8222;Psychoonkologie&#8220;<\/p>\n<p>Die Buchausstellung findet<\/p>\n<p>bis 13.07.12. statt.<\/p>\n<p>Wir laden Sie herzlich ein, in den B\u00fcchern<\/p>\n<p>zu schm\u00f6kern und diese nach Ende<\/p>\n<p>der Ausstellung zu entlehnen.<\/p><\/blockquote>\n<p>Diese Buchausstellung<br \/>\nwird in Kooperation mit dem<br \/>\n<a href=\"http:\/\/www.ccc.ac.at\/\"><img loading=\"lazy\" decoding=\"async\" class=\"alignleft size-full wp-image-9542\" title=\"logo_ccc_blue_web\" src=\"https:\/\/ub-blog.meduniwien.ac.at\/blog\/wp-content\/uploads\/2011\/11\/logo_ccc_blue_web.gif\" alt=\"logo_ccc_blue_web\" width=\"180\" height=\"58\"><\/a><br \/>\ndurchgef\u00fchrt.<\/p>\n<p><a href=\"https:\/\/ub-blog.meduniwien.ac.at\/blog\/wp-content\/uploads\/2012\/05\/psychoonkologie_buecherliste.pdf\">Buecherliste<\/a><\/p>\n<p><img loading=\"lazy\" decoding=\"async\" class=\"alignleft size-medium wp-image-11093\" title=\"mandala\" src=\"https:\/\/ub-blog.meduniwien.ac.at\/blog\/wp-content\/uploads\/2012\/05\/mandala-300x298.jpg\" alt=\"mandala\" width=\"300\" height=\"298\" srcset=\"https:\/\/ub.meduniwien.ac.at\/blog\/wp-content\/uploads\/2012\/05\/mandala-300x298.jpg 300w, https:\/\/ub.meduniwien.ac.at\/blog\/wp-content\/uploads\/2012\/05\/mandala-150x150.jpg 150w, https:\/\/ub.meduniwien.ac.at\/blog\/wp-content\/uploads\/2012\/05\/mandala.jpg 513w\" sizes=\"auto, (max-width: 300px) 100vw, 300px\" \/><\/p>\n","protected":false},"excerpt":{"rendered":"<p>Die Universit\u00e4tsbibliothek pr\u00e4sentiert im Lesesaal eine Auswahl des Buchbestandes zum Thema &#8222;Psychoonkologie&#8220; Die Buchausstellung findet bis 13.07.12. statt. Wir laden Sie herzlich ein, in den B\u00fcchern zu schm\u00f6kern und diese nach Ende der Ausstellung zu entlehnen. Diese Buchausstellung wird in Kooperation mit dem durchgef\u00fchrt. Buecherliste<\/p>\n","protected":false},"author":2,"featured_media":0,"comment_status":"open","ping_status":"open","sticky":false,"template":"","format":"standard","meta":{"ngg_post_thumbnail":0,"footnotes":""},"categories":[1,24,11,2,16],"tags":[580,579],"class_list":["post-11092","post","type-post","status-publish","format-standard","hentry","category-allgemeines","category-books-journals","category-literaturhinweis","category-news","category-news1","tag-komplementarmedizin","tag-psychoonkologie"],"views":45809,"_links":{"self":[{"href":"https:\/\/ub.meduniwien.ac.at\/blog\/index.php?rest_route=\/wp\/v2\/posts\/11092","targetHints":{"allow":["GET"]}}],"collection":[{"href":"https:\/\/ub.meduniwien.ac.at\/blog\/index.php?rest_route=\/wp\/v2\/posts"}],"about":[{"href":"https:\/\/ub.meduniwien.ac.at\/blog\/index.php?rest_route=\/wp\/v2\/types\/post"}],"author":[{"embeddable":true,"href":"https:\/\/ub.meduniwien.ac.at\/blog\/index.php?rest_route=\/wp\/v2\/users\/2"}],"replies":[{"embeddable":true,"href":"https:\/\/ub.meduniwien.ac.at\/blog\/index.php?rest_route=%2Fwp%2Fv2%2Fcomments&post=11092"}],"version-history":[{"count":21,"href":"https:\/\/ub.meduniwien.ac.at\/blog\/index.php?rest_route=\/wp\/v2\/posts\/11092\/revisions"}],"predecessor-version":[{"id":11109,"href":"https:\/\/ub.meduniwien.ac.at\/blog\/index.php?rest_route=\/wp\/v2\/posts\/11092\/revisions\/11109"}],"wp:attachment":[{"href":"https:\/\/ub.meduniwien.ac.at\/blog\/index.php?rest_route=%2Fwp%2Fv2%2Fmedia&parent=11092"}],"wp:term":[{"taxonomy":"category","embeddable":true,"href":"https:\/\/ub.meduniwien.ac.at\/blog\/index.php?rest_route=%2Fwp%2Fv2%2Fcategories&post=11092"},{"taxonomy":"post_tag","embeddable":true,"href":"https:\/\/ub.meduniwien.ac.at\/blog\/index.php?rest_route=%2Fwp%2Fv2%2Ftags&post=11092"}],"curies":[{"name":"wp","href":"https:\/\/api.w.org\/{rel}","templated":true}]}}