{"id":10969,"date":"2012-04-26T01:05:14","date_gmt":"2012-04-26T00:05:14","guid":{"rendered":"https:\/\/ub-blog.meduniwien.ac.at\/blog\/?p=10969"},"modified":"2012-04-24T13:05:44","modified_gmt":"2012-04-24T12:05:44","slug":"publikation-meduni-wien-mitarbeiterinnen-gutierrez-lobos-karin-aouniv-prof-dr-mallich-katharina-mag-dr","status":"publish","type":"post","link":"https:\/\/ub.meduniwien.ac.at\/blog\/?p=10969","title":{"rendered":"Publikation MedUni Wien-Mitarbeiterinnen: Guti\u00e9rrez-Lobos, Karin, Ao.Univ.-Prof. Dr.; Mallich, Katharina, Mag. Dr.;"},"content":{"rendered":"<p><img decoding=\"async\" src=\"https:\/\/ub-blog.meduniwien.ac.at\/blog\/wp-content\/uploads\/2012\/04\/mallich_2012.bmp\" alt=\"mallich_2012\" title=\"mallich_2012\" class=\"alignleft size-full wp-image-10970\" \/><\/p>\n<blockquote><p><strong>Folgendes aktuelle Buch hat die Universit\u00e4tsbibliothek erworben:<\/strong><br \/>\nMallich, Katharina   [Hrsg.]: Mehr Chancen durch Vielfalt!: Diversity in der Personalentwicklung \/ Katharina Mallich; Karin Guti\u00e9rrez-Lobos. &#8211; Wien : Facultas, 2011. &#8211; 81 S. . &#8211; 978-3-7089-0849-6 kart. : EUR 18,00 ;<br \/>\nSignatur: R-225-6<\/p><\/blockquote>\n<p><strong>Mehr Chancen durch Vielfalt! : Diversity in der Personalentwicklung:<\/strong> Das vorliegende Buch stellt M\u00f6glichkeiten vor, wie Diversity Management in Organisationen &#8211; und im Speziellen an Universit\u00e4ten &#8211; umgesetzt und wie ein neues Bewusstsein f\u00fcr Unterschiedlichkeit und damit Vielfalt geschaffen werden kann. Eine der wichtigsten Fragen lautet: Wie kann aus \u201eunterschiedlich\u201c \u201emehr\u201c werden? <\/p>\n<p>ExpertInnen aus dem Universit\u00e4ts- und Beratungsumfeld geben Einblick in ihre Erfahrungen bei der Umsetzung von Diversity Management in Organisationen und Universit\u00e4ten und beleuchten Diversity-Dimensionen wie Gender, Behinderung, Interkulturalit\u00e4t und Migration im Gesundheitssystem. <\/p>\n<p>Diversity als gesellschaftliche Zielsetzung, Querschnittsmaterie und F\u00fchrungsaufgabe wird in diesem Buch nicht nur theoretisch beschrieben, sondern auch mit praxisnahen Beispielen versehen &#8211; mit der Motivation, Ihnen Anregungen f\u00fcr Ihr eigenes berufliches wie pers\u00f6nliches Umfeld mitzugeben und dem Anliegen, \u201emehr Chancen durch Vielfalt\u201c wahrzunehmen. <\/p>\n<p><strong>MedUni Autorinnen:<\/strong><br \/>\nGuti\u00e9rrez-Lobos, Karin, Ao.Univ.-Prof. Dr., <a href=\"http:\/\/www.medizin-medien.at\/dynasite.cfm?dsmid=83349\">Universit\u00e4tsklinik f\u00fcr Psychiatrie und Psychotherapie<\/a>, <a href=\"http:\/\/www.reko.ac.at\/mitglieder\/vizerektoren_rektorinnen\/index.php?ID_205=G&#038;ID=274\">http:\/\/www.reko.ac.at<\/a><br \/>\nMallich, Katharina, Mag. Dr., <a href=\"http:\/\/www.meduniwien.ac.at\/homepage\/index.php?id=1341\">Stabstelle f\u00fcr Personalentwicklung <\/a><\/p>\n","protected":false},"excerpt":{"rendered":"<p>Folgendes aktuelle Buch hat die Universit\u00e4tsbibliothek erworben: Mallich, Katharina [Hrsg.]: Mehr Chancen durch Vielfalt!: Diversity in der Personalentwicklung \/ Katharina Mallich; Karin Guti\u00e9rrez-Lobos. &#8211; Wien : Facultas, 2011. &#8211; 81 S. . &#8211; 978-3-7089-0849-6 kart. : EUR 18,00 ; Signatur: R-225-6 Mehr Chancen durch Vielfalt! : Diversity in der Personalentwicklung: Das vorliegende Buch stellt M\u00f6glichkeiten &hellip; <a href=\"https:\/\/ub.meduniwien.ac.at\/blog\/?p=10969\" class=\"more-link\"><span class=\"screen-reader-text\">Publikation MedUni Wien-Mitarbeiterinnen: Guti\u00e9rrez-Lobos, Karin, Ao.Univ.-Prof. Dr.; Mallich, Katharina, Mag. Dr.;<\/span> weiterlesen <span class=\"meta-nav\">&rarr;<\/span><\/a><\/p>\n","protected":false},"author":2,"featured_media":0,"comment_status":"open","ping_status":"open","sticky":false,"template":"","format":"standard","meta":{"ngg_post_thumbnail":0,"footnotes":""},"categories":[1,24,11,2,16,31],"tags":[167],"class_list":["post-10969","post","type-post","status-publish","format-standard","hentry","category-allgemeines","category-books-journals","category-literaturhinweis","category-news","category-news1","category-publ-mitarbeiterinnen","tag-publikation-meduni-wien-mitarbeiterinnen"],"views":41005,"_links":{"self":[{"href":"https:\/\/ub.meduniwien.ac.at\/blog\/index.php?rest_route=\/wp\/v2\/posts\/10969","targetHints":{"allow":["GET"]}}],"collection":[{"href":"https:\/\/ub.meduniwien.ac.at\/blog\/index.php?rest_route=\/wp\/v2\/posts"}],"about":[{"href":"https:\/\/ub.meduniwien.ac.at\/blog\/index.php?rest_route=\/wp\/v2\/types\/post"}],"author":[{"embeddable":true,"href":"https:\/\/ub.meduniwien.ac.at\/blog\/index.php?rest_route=\/wp\/v2\/users\/2"}],"replies":[{"embeddable":true,"href":"https:\/\/ub.meduniwien.ac.at\/blog\/index.php?rest_route=%2Fwp%2Fv2%2Fcomments&post=10969"}],"version-history":[{"count":7,"href":"https:\/\/ub.meduniwien.ac.at\/blog\/index.php?rest_route=\/wp\/v2\/posts\/10969\/revisions"}],"predecessor-version":[{"id":14789,"href":"https:\/\/ub.meduniwien.ac.at\/blog\/index.php?rest_route=\/wp\/v2\/posts\/10969\/revisions\/14789"}],"wp:attachment":[{"href":"https:\/\/ub.meduniwien.ac.at\/blog\/index.php?rest_route=%2Fwp%2Fv2%2Fmedia&parent=10969"}],"wp:term":[{"taxonomy":"category","embeddable":true,"href":"https:\/\/ub.meduniwien.ac.at\/blog\/index.php?rest_route=%2Fwp%2Fv2%2Fcategories&post=10969"},{"taxonomy":"post_tag","embeddable":true,"href":"https:\/\/ub.meduniwien.ac.at\/blog\/index.php?rest_route=%2Fwp%2Fv2%2Ftags&post=10969"}],"curies":[{"name":"wp","href":"https:\/\/api.w.org\/{rel}","templated":true}]}}