{"id":1079,"date":"2008-07-31T10:18:34","date_gmt":"2008-07-31T09:18:34","guid":{"rendered":"https:\/\/ub-blog.meduniwien.ac.at\/blog\/?p=1079"},"modified":"2008-08-01T08:48:56","modified_gmt":"2008-08-01T07:48:56","slug":"univ-prof-dr-gertrud-keck-der-weg-ist-das-ziel","status":"publish","type":"post","link":"https:\/\/ub.meduniwien.ac.at\/blog\/?p=1079","title":{"rendered":"Univ. Prof. Dr. Gertrud Keck: &#8222;Der Weg ist das Ziel!&#8220;"},"content":{"rendered":"<p><strong>Liebe LeserInnen unseres Van Swieten-Blogs!<\/strong><\/p>\n<p>Wir freuen uns, Ihnen als n\u00e4chste K\u00fcnstlerin,<\/p>\n<p>Em. Univ. Prof. Dr. Gertrud Keck,<\/p>\n<p>vorstellen zu d\u00fcrfen:<\/p>\n<blockquote><p><img src='https:\/\/ub-blog.meduniwien.ac.at\/blog\/wp-content\/uploads\/2008\/08\/keck.jpg' alt='Keck.jpg' \/><\/p>\n<p><strong>Em. Univ. Prof. Dr. Gertrud Keck<br \/>\ngeboren in Wien<br \/>\nVizeobfrau des \u00d6sterreichischen \u00c4rztekunstvereines<\/strong><\/p><\/blockquote>\n<p>Der Bogen ihrer T\u00e4tigkeiten ist weit gespannt &#8211; und doch vernetzt.<br \/>\nAls Vorstand des Institutes f\u00fcr Medizinische Physik der<br \/>\nVeterin\u00e4rmedizinischen Universit\u00e4t ist f\u00fcr sie viele Jahre die Wissenschaft das Zentrum.<br \/>\nVon ihren MitarbeiterInnen wird diese Zeit beschrieben als <a href=\"http:\/\/i115srv.vu-wien.ac.at\/staff\/keck.htm\">\u201eEin Leben f\u00fcr die Medizinische Physik\u201c&#8211;>LINK<\/a>. <\/p>\n<p>Die Faszination zu den Bergen &#8211; zahlreiche Westalpengipfel wie Matterhorn, Mt. Blanc, Wei\u00dfhorn, geh\u00f6ren zu ihren bleibenden Bergerlebnissen und konnten mit ihrer wissenschaftlichen Arbeit vereint werden. Der Aufenthalt in der Hochalpinen Forschungsanstalt Jungfraujoch in 3500m, bei Sonne und Sturm, hoch \u00fcber den Wolken, ist auch heute noch ein Reservoir der Erinnerungen f\u00fcr Bergbilder.<\/p>\n<p>Nach der Emeritierung, mit neu gewonnener Freizeit,  kann sie die Sehnsucht nach dem Malen realisieren.<\/p>\n<p><strong>Univ. Prof. Dr. Gertrud Keck<\/strong>: <\/p>\n<blockquote><p>&#8222;Ich suchte zahlreiche M\u00f6glichkeiten dieses neue Metier zu erlernen, die neue Welt zu erkennen, besonders beim  Akademischen Maler Zeger van Soest  (Akademie Amsterdam) und den Landschaftsmalwochen mit Ing. Franz Glanzner und Prof. Franz Reitsamer (Akademie Wien). Meine Bilder sind in Ausstellungen zu sehen.<br \/>\nDie Pr\u00e4gung durch die wissenschaftliche Arbeit lasst mich ringen \u201edem Bild einen Sinn zu geben\u201c, Ich will nicht darstellen, was auch fotografisch wiedergegeben werden kann. Ich suche eine geistige Umsetzung des Erlebten, unmittelbar in  der Natur, in der Erinnerung, der Fantasie, aber auch in der Literatur. Auch Gelesenes erzeugt Bilder, die ich darzustellen versuche. Dem Aquarell \u201eAnnaberger Vision &#8211; der Kreuzweg umgibt sch\u00fctzend Annaberg\u201c , mit dem ich den Annaberger Aquarellwettebewerb 2006 gewinnen konnte, ging ein langes Suchen voraus. Ein Einf\u00fchlen in das Land, in das Werk von Sepp Gamsj\u00e4ger, dem Sch\u00f6pfer des Kreuzweges, war eine reiche Zeit f\u00fcr mich.&#8220;<\/p><\/blockquote>\n<p><img src='https:\/\/ub-blog.meduniwien.ac.at\/blog\/wp-content\/uploads\/2008\/07\/unbenannt-2.jpg' alt='Das Matterhorn' \/><br \/>\nAbb.: 1<br \/>\nAus der Galerie der Erinnerungen: Das Matterhorn  (\u00d6l auf Leinwand)<\/p>\n<p><img src='https:\/\/ub-blog.meduniwien.ac.at\/blog\/wp-content\/uploads\/2008\/07\/unbenannt-1.jpg' alt='Ri- der fliegende Berg' \/><br \/>\nAbb.:2<br \/>\nPhur &#8211; Ri, der fliegende Berg, f\u00e4llt von den Sternen und kehrt zu ihnen zur\u00fcck<br \/>\nInspiration durch den Roman: \u201eder fliegende Berg\u201c von Christoph Ransmayr. (Diptychon, \u00d6l auf Leinwand)<\/p>\n<p><img src='https:\/\/ub-blog.meduniwien.ac.at\/blog\/wp-content\/uploads\/2008\/07\/unbenannt-3.jpg' alt='Annaberger Vision' \/><br \/>\nAbb.: 3<br \/>\n\u201eAnnaberger Vision &#8211; der Kreuzweg umgibt sch\u00fctzend Annaberg\u201c (Aquarell)<\/p>\n<p><strong>Weitere Beitr\u00e4ge:<\/strong><br \/>\n<a href=\"https:\/\/ub-blog.meduniwien.ac.at\/blog\/?p=997\">Dr. Hans WANK: Gem\u00e4lde &#038; Zeichnungen<\/a><br \/>\n<a href=\"https:\/\/ub-blog.meduniwien.ac.at\/blog\/?p=890\">Dr. Monika Lederbauer: \u201cDie Kunst ist ein gro\u00dfes Abenteuer\u2026<\/a><br \/>\n<a href=\"https:\/\/ub-blog.meduniwien.ac.at\/blog\/?p=859\">MR Dr. Peter PROCHASKA &#8211; ein \u00f6sterreichischer Sp\u00e4texpressionist<\/a><br \/>\n<a href=\"https:\/\/ub-blog.meduniwien.ac.at\/blog\/?p=763\">Dr. Uta Maria Langer: K\u00f6rperlandschaft &#8211; Landschaftsk\u00f6rper<\/a><br \/>\n<a href=\"https:\/\/ub-blog.meduniwien.ac.at\/blog\/?p=570\">Dr. Werner Horvath: Bilder &#8211; Figuren &#8211; Portr\u00e4ts<\/a><br \/>\n<a href=\"https:\/\/ub-blog.meduniwien.ac.at\/blog\/?p=251\"> Gast-Contributor: Dr. Piero Lercher <\/a><\/p>\n","protected":false},"excerpt":{"rendered":"<p>Liebe LeserInnen unseres Van Swieten-Blogs! Wir freuen uns, Ihnen als n\u00e4chste K\u00fcnstlerin, Em. Univ. Prof. Dr. Gertrud Keck, vorstellen zu d\u00fcrfen: Em. Univ. Prof. Dr. Gertrud Keck geboren in Wien Vizeobfrau des \u00d6sterreichischen \u00c4rztekunstvereines Der Bogen ihrer T\u00e4tigkeiten ist weit gespannt &#8211; und doch vernetzt. Als Vorstand des Institutes f\u00fcr Medizinische Physik der Veterin\u00e4rmedizinischen Universit\u00e4t &hellip; <a href=\"https:\/\/ub.meduniwien.ac.at\/blog\/?p=1079\" class=\"more-link\"><span class=\"screen-reader-text\">Univ. Prof. Dr. Gertrud Keck: &#8222;Der Weg ist das Ziel!&#8220;<\/span> weiterlesen <span class=\"meta-nav\">&rarr;<\/span><\/a><\/p>\n","protected":false},"author":2,"featured_media":0,"comment_status":"open","ping_status":"open","sticky":false,"template":"","format":"standard","meta":{"ngg_post_thumbnail":0,"footnotes":""},"categories":[1,2,16],"tags":[],"class_list":["post-1079","post","type-post","status-publish","format-standard","hentry","category-allgemeines","category-news","category-news1"],"views":53494,"_links":{"self":[{"href":"https:\/\/ub.meduniwien.ac.at\/blog\/index.php?rest_route=\/wp\/v2\/posts\/1079","targetHints":{"allow":["GET"]}}],"collection":[{"href":"https:\/\/ub.meduniwien.ac.at\/blog\/index.php?rest_route=\/wp\/v2\/posts"}],"about":[{"href":"https:\/\/ub.meduniwien.ac.at\/blog\/index.php?rest_route=\/wp\/v2\/types\/post"}],"author":[{"embeddable":true,"href":"https:\/\/ub.meduniwien.ac.at\/blog\/index.php?rest_route=\/wp\/v2\/users\/2"}],"replies":[{"embeddable":true,"href":"https:\/\/ub.meduniwien.ac.at\/blog\/index.php?rest_route=%2Fwp%2Fv2%2Fcomments&post=1079"}],"version-history":[{"count":0,"href":"https:\/\/ub.meduniwien.ac.at\/blog\/index.php?rest_route=\/wp\/v2\/posts\/1079\/revisions"}],"wp:attachment":[{"href":"https:\/\/ub.meduniwien.ac.at\/blog\/index.php?rest_route=%2Fwp%2Fv2%2Fmedia&parent=1079"}],"wp:term":[{"taxonomy":"category","embeddable":true,"href":"https:\/\/ub.meduniwien.ac.at\/blog\/index.php?rest_route=%2Fwp%2Fv2%2Fcategories&post=1079"},{"taxonomy":"post_tag","embeddable":true,"href":"https:\/\/ub.meduniwien.ac.at\/blog\/index.php?rest_route=%2Fwp%2Fv2%2Ftags&post=1079"}],"curies":[{"name":"wp","href":"https:\/\/api.w.org\/{rel}","templated":true}]}}