{"id":10217,"date":"2012-02-29T15:52:57","date_gmt":"2012-02-29T14:52:57","guid":{"rendered":"https:\/\/ub-blog.meduniwien.ac.at\/blog\/?p=10217"},"modified":"2012-03-01T12:02:37","modified_gmt":"2012-03-01T11:02:37","slug":"commentarii-in-vi-libros-pedacii-dioscoridis-anarzabei-de-materia-medica-von-pietro-andrea-mattioli-1501-1577-10-bildtafel-allium-schoenoprasum","status":"publish","type":"post","link":"https:\/\/ub.meduniwien.ac.at\/blog\/?p=10217","title":{"rendered":"&#8222;Commentarii in VI libros Pedacii Dioscoridis Anarzabei de materia medica&#8220; von Pietro Andrea Mattioli (1501-1577) [10]: Bildtafel Allium schoenoprasum"},"content":{"rendered":"<p><strong>&#8222;Commentarii in VI libros Pedacii Dioscoridis Anarzabei de materia medica&#8220; <\/strong><\/p>\n<p><strong>von Pietro Andrea Mattioli (1501-1577) [9]: Bildtafel Allium schoenoprasum<\/strong><\/p>\n<p><img loading=\"lazy\" decoding=\"async\" src=\"https:\/\/ub-blog.meduniwien.ac.at\/blog\/wp-content\/uploads\/2012\/02\/schnittlauch1.jpg\" alt=\"schnittlauch1\" title=\"schnittlauch1\" width=\"520\" height=\"455\" class=\"alignleft size-full wp-image-10219\" srcset=\"https:\/\/ub.meduniwien.ac.at\/blog\/wp-content\/uploads\/2012\/02\/schnittlauch1.jpg 520w, https:\/\/ub.meduniwien.ac.at\/blog\/wp-content\/uploads\/2012\/02\/schnittlauch1-300x262.jpg 300w\" sizes=\"auto, (max-width: 520px) 100vw, 520px\" \/><\/p>\n<p>Der Holzschnitt <strong>Allium schoenoprasum<\/strong>, den Sie hier im Beitrag<\/p>\n<p>sehen, ist fast 500 Jahre alt. Diese kostbare Abbildung hat im<\/p>\n<p>Josephinum gut beh\u00fctet die Zeit \u00fcberdauert und stammt aus dem 1565<\/p>\n<p>in Venedig erschienenem Werk \u201cCommentarii in VI libros Pedacii Dioscoridis<\/p>\n<p>Anarzabei de materia medica\u201d von Pietro Andrea Mattioli (1501-1577).<\/p>\n<p><img loading=\"lazy\" decoding=\"async\" src=\"https:\/\/ub-blog.meduniwien.ac.at\/blog\/wp-content\/uploads\/2012\/02\/schnittlauch2.jpg\" alt=\"Der Schnittlauch (Allium schoenoprasum) geh\u00f6rt zur Familie des Lauchs.\nSein Erfolg begann im Mittelalter. Damals h\u00e4ngte man sogar zum Schutz\nvor Ungl\u00fcck ein Str\u00e4u\u00dfchen Schnittlauch ins Fenster. Gelehrte des 16.\nJahrhunderts nannten ihn sogar ein Allheilmittel.\nSchnittlauch ist besonders reich an den Vitaminen A und C. Diese und\nder Eisen-, Kalium- und Phosphorgehalt machen Schnittlauch zu einem\nsehr wertvollen Gew\u00fcrz. Er wirkt bei Appetitlosigkeit, Bl\u00e4hungen und\nDarmproblemen. Schnittlauch wirkt leicht bakterienhemmend und reguliert\nschonend erh\u00f6hten Blutdruck und wirkt der Fl\u00fchjahrsm\u00fcdigkeit\nentgegen. Und das Beste: Schnittlauch kann sogar Tumoren vorbeugen.\" title=\"Bildtafel Allium schoenoprasum\" width=\"520\" height=\"585\" class=\"alignleft size-full wp-image-10220\" srcset=\"https:\/\/ub.meduniwien.ac.at\/blog\/wp-content\/uploads\/2012\/02\/schnittlauch2.jpg 520w, https:\/\/ub.meduniwien.ac.at\/blog\/wp-content\/uploads\/2012\/02\/schnittlauch2-266x300.jpg 266w\" sizes=\"auto, (max-width: 520px) 100vw, 520px\" \/><\/p>\n<p>Text von Mag. Gilbert Zinsler<\/p>\n<p>Rezept: &#8222;Ihr Heilkr\u00e4uterkalender&#8220; Institut f\u00fcr Krebsforschung, Klinik f\u00fcr Innere Medizin 1, Medizinische Universit\u00e4t Wien<\/p>\n<p><strong>Weitere Beitr\u00e4ge:<br \/>\n<a href=\"https:\/\/ub-blog.meduniwien.ac.at\/blog\/?p=9594\">&#8222;Commentarii in VI libros Pedacii Dioscoridis Anarzabei de materia medica&#8220; von Pietro Andrea Mattioli (1501-1577) [9]: Bildtafel Salvia officinalis<\/a><br \/>\n<a href=\"https:\/\/ub-blog.meduniwien.ac.at\/blog\/?p=9237\">&#8222;Commentarii in VI libros Pedacii Dioscoridis Anarzabei de materia medica&#8220; von Pietro Andrea Mattioli (1501-1577) [8]: Bildtafel Petroselinum crispum<\/a><br \/>\n<a href=\"https:\/\/ub-blog.meduniwien.ac.at\/blog\/?p=9219\">&#8222;Commentarii in VI libros Pedacii Dioscoridis Anarzabei de materia medica&#8220; von Pietro Andrea Mattioli (1501-1577) [7]: Bildtafel Carum carvi<\/a><br \/>\n<a href=\"https:\/\/ub-blog.meduniwien.ac.at\/blog\/?p=9196\">&#8222;Commentarii in VI libros Pedacii Dioscoridis Anarzabei de materia medica&#8220; von Pietro Andrea Mattioli (1501-1577) [6]: Bildtafel Thymus vulgaris<\/a><br \/>\n<a href=\"https:\/\/ub-blog.meduniwien.ac.at\/blog\/?p=9057\">&#8222;Commentarii in VI libros Pedacii Dioscoridis Anarzabei de materia medica&#8220; von Pietro Andrea Mattioli (1501-1577) [5]: Bildtafel Mentha x piperita<\/a><br \/>\n<a href=\"https:\/\/ub-blog.meduniwien.ac.at\/blog\/?p=8758\">&#8222;Commentarii in VI libros Pedacii Dioscoridis Anarzabei de materia medica&#8220; von Pietro Andrea Mattioli (1501-1577) [4]: Bildtafel Levisticum officiale<\/a><br \/>\n<strong><a href=\"https:\/\/ub-blog.meduniwien.ac.at\/blog\/?p=8623\">\u201cCommentarii in VI libros Pedacii Dioscoridis Anarzabei de materia medica\u201d von Pietro Andrea Mattioli (1501-1577) [3]: Bildtafel Rosmarinus officinalis<\/a><\/strong><br \/>\n<strong><a href=\"https:\/\/ub-blog.meduniwien.ac.at\/blog\/?p=8503\">\u201cCommentarii in VI libros Pedacii Dioscoridis Anarzabei de materia medica\u201d von Pietro Andrea Mattioli (1501-1577) [2]: Bildtafel Coriandrum sativum<\/a><\/strong><br \/>\n<strong><a href=\"https:\/\/ub-blog.meduniwien.ac.at\/blog\/?p=8478\">\u201cCommentarii in VI libros Pedacii Dioscoridis Anarzabei de materia medica\u201d von Pietro Andrea Mattioli (1501-1577) [1]<\/a><\/strong><\/p>\n<p><strong><a href=\"https:\/\/ub-blog.meduniwien.ac.at\/blog\/?p=4835\">Icones Plantarum Medicinalium des Joseph Jacob Plenck (13): Gr\u00fcner Tee &#8211; Thea viridis L. (Der gr\u00fcne Thee)<\/a><\/strong><br \/>\n<strong><a href=\"https:\/\/ub-blog.meduniwien.ac.at\/blog\/?p=4378\">Icones Plantarum Medicinalium des Joseph Jacob Plenck (12): Die gemeine Muskatnuss &#8211; Myristica officinalis. L. <\/a><\/strong><br \/>\n<strong><a href=\"https:\/\/ub-blog.meduniwien.ac.at\/blog\/?p=3716\">Icones Plantarum Medicinalium des Joseph Jacob Plenck (11): Vanille &#8211; Epidendum vanilla L.<\/a><\/strong><br \/>\n<strong><a href=\"https:\/\/ub-blog.meduniwien.ac.at\/blog\/?p=2648\">Icones Plantarum Medicinalium des Joseph Jacob Plenck (10): Broccoli &#8211; Brassica oleracea italica L. (Der Brocculi) Plenck Bd. 6, Tab.534 <\/a><\/strong><br \/>\n<strong><a href=\"https:\/\/ub-blog.meduniwien.ac.at\/blog\/?p=1983\">Icones Plantarum Medicinalium des Joseph Jacob Plenck (09): Zitrone &#8211; Citrus medica L. (Die gemeine Citrone)<\/a><\/strong><!--more--><br \/>\n<strong><a href=\"https:\/\/ub-blog.meduniwien.ac.at\/blog\/?p=1469\">Icones Plantarum Medicinalium des Joseph Jacob Plenck (08): Schlafmohn &#8211; Papaver somniferum L. (Der schlafmachende Mohn)<\/a><\/strong><br \/>\n<strong><a href=\"https:\/\/ub-blog.meduniwien.ac.at\/blog\/?p=1481\">Icones Plantarum Medicinalium des Joseph Jacob Plenck (07): Ananas &#8211; Bromelia Ananas L. (Die Ananas)<\/a><\/strong><br \/>\n<strong><a href=\"https:\/\/ub-blog.meduniwien.ac.at\/blog\/?p=1467\">Icones Plantarum Medicinalium des Joseph Jacob Plenck (06): Johanniskraut \u2013 Hypericum perforatum L. (Das durchgebohrte Johanniskraut)<\/a><\/strong><br \/>\n<strong><a href=\"https:\/\/ub-blog.meduniwien.ac.at\/blog\/?p=1466\">Icones Plantarum Medicinalium des Joseph Jacob Plenck (05): Hollunder &#8211; Sambucus nigra L. (Der gemeine Holder)<\/a><\/strong><br \/>\n<strong><a href=\"https:\/\/ub-blog.meduniwien.ac.at\/blog\/?p=1447\">Icones Plantarum Medicinalium des Joseph Jacob Plenck (04): Veilchen &#8211; Viola odorata L. (Das wohlriechende Veilchen)<\/a><\/strong><br \/>\n<strong><a href=\"https:\/\/ub-blog.meduniwien.ac.at\/blog\/?p=1410\">Icones Plantarum Medicinalium des Joseph Jacob Plenck (03): S\u00fc\u00dfholz &#8211; Glyzirrhiza glabra L. (Das fettglattige S\u00fc\u00dfholz)<\/a><\/strong><br \/>\n<strong><a href=\"https:\/\/ub-blog.meduniwien.ac.at\/blog\/?p=1383\">Icones Plantarum Medicinalium des Joseph Jacob Plenck (02): Immergr\u00fcn &#8211; Vinca minor L. (Der kleine Singr\u00fcn)<\/a><\/strong><br \/>\n<strong><a href=\"https:\/\/ub-blog.meduniwien.ac.at\/blog\/?p=1381\">Icones Plantarum Medicinalium des Joseph Jacob Plenck (01)<\/a><\/strong><!--more--><\/p>\n<p><strong><a href=\"https:\/\/ub-blog.meduniwien.ac.at\/blog\/?p=1087\">Hortus Eystettensis: Sonnenblumen: Der Sonne entgegen &#8211; (Hortus Eystettensis 11)<\/a><\/strong><br \/>\n<strong><a href=\"https:\/\/ub-blog.meduniwien.ac.at\/blog\/?p=986\">Hortus Eystettensis: Das Maigl\u00f6ckchen &#8211; Das botanische Sinnbild der Unschuld (Hortus Eystettensis 10)<\/a><\/strong><br \/>\n<strong><a href=\"https:\/\/ub-blog.meduniwien.ac.at\/blog\/?p=877\">Hortus Eystettensis: Tulpen: Vom persischen Turban zur Tulpomanie (Hortus Eystettensis 09)<\/a><\/strong><br \/>\n<strong><a href=\"https:\/\/ub-blog.meduniwien.ac.at\/blog\/?p=734\">Hortus Eystettensis: Boten des Fr\u00fchlings (2.Teil): Kuhschelle (Hortus Eystettensis08)<\/a><\/strong><br \/>\n<a href=\"https:\/\/ub-blog.meduniwien.ac.at\/blog\/?p=733\"><strong>Hortus Eystettensis: Boten des Fr\u00fchlings: (1.Teil): Huflattich (Hortus Eystettensis 07)<\/strong><\/a><br \/>\n<strong><a href=\"https:\/\/ub-blog.meduniwien.ac.at\/blog\/?p=555\">Hortus Eystettensis: Kartoffel &#8211; oder wie Amerika die Welt ver\u00e4nderte (Hortus Eystettensis 06)<\/a><\/strong><br \/>\n<a href=\"https:\/\/ub-blog.meduniwien.ac.at\/blog\/?p=477\"><strong>Hortus Eystettensis: Artischocke &#8211; Verdauungsf\u00f6rderndes f\u00fcr das weihnachtliche Festmahl (Hortus Eystettensis 05)<\/strong><\/a><br \/>\n<strong><a href=\"https:\/\/ub-blog.meduniwien.ac.at\/blog\/?p=434\">Hortus Eystettensis: Capsicum sp. (Hortus Eystettensis 04)<\/a><\/strong><br \/>\n<a href=\"https:\/\/ub-blog.meduniwien.ac.at\/blog\/?p=399\"><strong>Hortus Eystettensis \u2013 botanische Sammelleidenschaft und barocke Pracht (Hortus Eystettensis 03)<\/strong><\/a><br \/>\n<a href=\"https:\/\/ub-blog.meduniwien.ac.at\/blog\/?p=412\"><strong>Hortus Eystettensis: Tabak (Hortus Eystettensis 02)<\/strong><\/a><br \/>\n<a href=\"https:\/\/ub-blog.meduniwien.ac.at\/blog\/?p=427\"><strong>Hortus Eystettensis: Botanik im Spiegel der Jahreszeiten (Hortus Eystettensis 01)<strong><\/strong><\/strong><\/a><\/p>\n","protected":false},"excerpt":{"rendered":"<p>&#8222;Commentarii in VI libros Pedacii Dioscoridis Anarzabei de materia medica&#8220; von Pietro Andrea Mattioli (1501-1577) [9]: Bildtafel Allium schoenoprasum Der Holzschnitt Allium schoenoprasum, den Sie hier im Beitrag sehen, ist fast 500 Jahre alt. Diese kostbare Abbildung hat im Josephinum gut beh\u00fctet die Zeit \u00fcberdauert und stammt aus dem 1565 in Venedig erschienenem Werk \u201cCommentarii &hellip; <a href=\"https:\/\/ub.meduniwien.ac.at\/blog\/?p=10217\" class=\"more-link\"><span class=\"screen-reader-text\">&#8222;Commentarii in VI libros Pedacii Dioscoridis Anarzabei de materia medica&#8220; von Pietro Andrea Mattioli (1501-1577) [10]: Bildtafel Allium schoenoprasum<\/span> weiterlesen <span class=\"meta-nav\">&rarr;<\/span><\/a><\/p>\n","protected":false},"author":2,"featured_media":0,"comment_status":"open","ping_status":"open","sticky":false,"template":"","format":"standard","meta":{"ngg_post_thumbnail":0,"footnotes":""},"categories":[1,24,11,5,2,16],"tags":[422],"class_list":["post-10217","post","type-post","status-publish","format-standard","hentry","category-allgemeines","category-books-journals","category-literaturhinweis","category-medizingeschichte","category-news","category-news1","tag-bildtafel-allium-schoenoprasum"],"views":31854,"_links":{"self":[{"href":"https:\/\/ub.meduniwien.ac.at\/blog\/index.php?rest_route=\/wp\/v2\/posts\/10217","targetHints":{"allow":["GET"]}}],"collection":[{"href":"https:\/\/ub.meduniwien.ac.at\/blog\/index.php?rest_route=\/wp\/v2\/posts"}],"about":[{"href":"https:\/\/ub.meduniwien.ac.at\/blog\/index.php?rest_route=\/wp\/v2\/types\/post"}],"author":[{"embeddable":true,"href":"https:\/\/ub.meduniwien.ac.at\/blog\/index.php?rest_route=\/wp\/v2\/users\/2"}],"replies":[{"embeddable":true,"href":"https:\/\/ub.meduniwien.ac.at\/blog\/index.php?rest_route=%2Fwp%2Fv2%2Fcomments&post=10217"}],"version-history":[{"count":5,"href":"https:\/\/ub.meduniwien.ac.at\/blog\/index.php?rest_route=\/wp\/v2\/posts\/10217\/revisions"}],"predecessor-version":[{"id":10305,"href":"https:\/\/ub.meduniwien.ac.at\/blog\/index.php?rest_route=\/wp\/v2\/posts\/10217\/revisions\/10305"}],"wp:attachment":[{"href":"https:\/\/ub.meduniwien.ac.at\/blog\/index.php?rest_route=%2Fwp%2Fv2%2Fmedia&parent=10217"}],"wp:term":[{"taxonomy":"category","embeddable":true,"href":"https:\/\/ub.meduniwien.ac.at\/blog\/index.php?rest_route=%2Fwp%2Fv2%2Fcategories&post=10217"},{"taxonomy":"post_tag","embeddable":true,"href":"https:\/\/ub.meduniwien.ac.at\/blog\/index.php?rest_route=%2Fwp%2Fv2%2Ftags&post=10217"}],"curies":[{"name":"wp","href":"https:\/\/api.w.org\/{rel}","templated":true}]}}